{"id":20196,"date":"2016-01-21T14:19:47","date_gmt":"2016-01-21T18:19:47","guid":{"rendered":"http:\/\/www.brazilianpress.com\/v1\/?p=20196"},"modified":"2016-01-21T14:19:47","modified_gmt":"2016-01-21T18:19:47","slug":"saiba-como-escolher-o-medico-certo-para-o-seu-problema-de-saude-2","status":"publish","type":"post","link":"https:\/\/www.brazilianpress.com\/v1\/2016\/01\/21\/saiba-como-escolher-o-medico-certo-para-o-seu-problema-de-saude-2\/","title":{"rendered":"Saiba como escolher o m\u00e9dico certo para o seu problema de sa\u00fade"},"content":{"rendered":"<p><img loading=\"lazy\" class=\"alignnone size-full wp-image-20197\" src=\"http:\/\/www.brazilianpress.com\/v1\/wp-content\/uploads\/2016\/01\/medico-medicina.jpg\" alt=\"medico medicina\" width=\"500\" height=\"332\" srcset=\"https:\/\/www.brazilianpress.com\/v1\/wp-content\/uploads\/2016\/01\/medico-medicina.jpg 500w, https:\/\/www.brazilianpress.com\/v1\/wp-content\/uploads\/2016\/01\/medico-medicina-300x199.jpg 300w\" sizes=\"(max-width: 500px) 100vw, 500px\" \/><\/p>\n<p>Quando surge um sintoma, n\u00e3o raro acompanha uma d\u00favida: a que profissional de sa\u00fade recorrer para buscar o tratamento correto?<!--more--><\/p>\n<p>Segundo o m\u00e9dico Evandro Lima, s\u00f3cio do site AvalDoc, que oferece servi\u00e7o de marca\u00e7\u00e3o de consultas, o primeiro passo deve ser buscar um profissional mais generalista, que possa dar aten\u00e7\u00e3o prim\u00e1ria ao paciente. \u00c9 o caso de cl\u00ednicos-gerais, pediatras, ginecologistas e dentistas, capazes de detectar os problemas e, se for o caso, encaminhar os pacientes para outros profissionais.<\/p>\n<p>Especialistas, como endocrinologistas, ortopedistas, reumatologistas, nefrologistas e cirurgi\u00f5es pl\u00e1sticos, por exemplo, s\u00e3o considerados o segundo passo a ser dado, em caso de necessidade. E h\u00e1 ainda os superespecialistas, m\u00e9dicos que, dentro de sua especialidade, tratam de problemas ainda mais pontuais, como \u00e9 o caso de ortopedistas especializados em joelho, m\u00e3o ou p\u00e9.<\/p>\n<p>\u2014 O cl\u00ednico-geral tem compet\u00eancia para resolver 95% dos problemas de sa\u00fade de um paciente. Muitas vezes, algu\u00e9m que sofre de hipertens\u00e3o vai diretamente a um cardiologista, sem saber que um cl\u00ednico-geral pode ajud\u00e1-lo \u2014 exemplifica Lima.<\/p>\n<p>A abordagem biopsicossocial tamb\u00e9m \u00e9 fundamental. Alguns problemas de sa\u00fade, como a obesidade, por exemplo, apesar de serem comuns exigem um tratamento multidisciplinar, com m\u00e9dicos, psic\u00f3logos, nutricionistas e educadores f\u00edsicos.<\/p>\n<p>Lima comenta que buscar a indica\u00e7\u00e3o de m\u00e9dicos com amigos, parentes ou conhecidos \u00e9 uma pr\u00e1tica comum que faz parte da cultura do brasileiro. \u00c9 usual, tamb\u00e9m, que profissionais de sa\u00fade indiquem colegas de outras especialidades, o que tamb\u00e9m ajuda no encontro de um bom profissional.<\/p>\n","protected":false},"excerpt":{"rendered":"<p>Quando surge um sintoma, n\u00e3o raro acompanha uma d\u00favida: a que profissional de sa\u00fade recorrer para buscar o tratamento correto?<\/p>\n","protected":false},"author":1,"featured_media":20197,"comment_status":"open","ping_status":"open","sticky":false,"template":"","format":"standard","meta":{"_links_to":"","_links_to_target":""},"categories":[4,1],"tags":[],"views":1970,"_links":{"self":[{"href":"https:\/\/www.brazilianpress.com\/v1\/wp-json\/wp\/v2\/posts\/20196"}],"collection":[{"href":"https:\/\/www.brazilianpress.com\/v1\/wp-json\/wp\/v2\/posts"}],"about":[{"href":"https:\/\/www.brazilianpress.com\/v1\/wp-json\/wp\/v2\/types\/post"}],"author":[{"embeddable":true,"href":"https:\/\/www.brazilianpress.com\/v1\/wp-json\/wp\/v2\/users\/1"}],"replies":[{"embeddable":true,"href":"https:\/\/www.brazilianpress.com\/v1\/wp-json\/wp\/v2\/comments?post=20196"}],"version-history":[{"count":1,"href":"https:\/\/www.brazilianpress.com\/v1\/wp-json\/wp\/v2\/posts\/20196\/revisions"}],"predecessor-version":[{"id":20198,"href":"https:\/\/www.brazilianpress.com\/v1\/wp-json\/wp\/v2\/posts\/20196\/revisions\/20198"}],"wp:featuredmedia":[{"embeddable":true,"href":"https:\/\/www.brazilianpress.com\/v1\/wp-json\/wp\/v2\/media\/20197"}],"wp:attachment":[{"href":"https:\/\/www.brazilianpress.com\/v1\/wp-json\/wp\/v2\/media?parent=20196"}],"wp:term":[{"taxonomy":"category","embeddable":true,"href":"https:\/\/www.brazilianpress.com\/v1\/wp-json\/wp\/v2\/categories?post=20196"},{"taxonomy":"post_tag","embeddable":true,"href":"https:\/\/www.brazilianpress.com\/v1\/wp-json\/wp\/v2\/tags?post=20196"}],"curies":[{"name":"wp","href":"https:\/\/api.w.org\/{rel}","templated":true}]}}