{"id":20208,"date":"2016-01-21T14:30:52","date_gmt":"2016-01-21T18:30:52","guid":{"rendered":"http:\/\/www.brazilianpress.com\/v1\/?p=20208"},"modified":"2016-01-21T14:30:52","modified_gmt":"2016-01-21T18:30:52","slug":"cancer-de-prostata-aumenta-risco-de-demencia-atraves-de-terapia-hormonal-diz-estudo","status":"publish","type":"post","link":"https:\/\/www.brazilianpress.com\/v1\/2016\/01\/21\/cancer-de-prostata-aumenta-risco-de-demencia-atraves-de-terapia-hormonal-diz-estudo\/","title":{"rendered":"C\u00e2ncer de pr\u00f3stata aumenta risco de dem\u00eancia atrav\u00e9s de terapia hormonal, diz estudo"},"content":{"rendered":"<p><img loading=\"lazy\" class=\"alignnone size-full wp-image-20209\" src=\"http:\/\/www.brazilianpress.com\/v1\/wp-content\/uploads\/2016\/01\/cancer.jpg\" alt=\"cancer\" width=\"500\" height=\"333\" srcset=\"https:\/\/www.brazilianpress.com\/v1\/wp-content\/uploads\/2016\/01\/cancer.jpg 500w, https:\/\/www.brazilianpress.com\/v1\/wp-content\/uploads\/2016\/01\/cancer-300x200.jpg 300w\" sizes=\"(max-width: 500px) 100vw, 500px\" \/><\/p>\n<p>Homens submetidos \u00e0 terapia de redu\u00e7\u00e3o de testosterona devido ao c\u00e2ncer de pr\u00f3stata s\u00e3o duas vezes mais propensos a desenvolverem a doen\u00e7a de Alzheimer, segundo dados de um novo estudo.<!--more--><\/p>\n<p>Os andr\u00f3genos s\u00e3o horm\u00f4nios masculinos que desempenham um papel essencial para estimular o crescimento das c\u00e9lulas da pr\u00f3stata. Como resultado, as terapias que suprimem a atividade de andr\u00f3geno s\u00e3o formas de tratamento comuns para combater esta forma de c\u00e2ncer. Apenas nos EUA, quase meio milh\u00e3o de homens recebem a terapia de priva\u00e7\u00e3o de andr\u00f3geno, em algum momento de suas vidas.<\/p>\n<p>No entanto, os baixos n\u00edveis de testosterona podem enfraquecer a resist\u00eancia ao envelhecimento do c\u00e9rebro e \u00e0 doen\u00e7a de Alzheimer, advertiram os especialistas. Homens que fazem terapia de priva\u00e7\u00e3o de andr\u00f3geno (ADT) s\u00e3o duas vezes mais propensos a serem diagnosticados com a doen\u00e7a de Alzheimer nos anos seguintes ao tratamento, em rela\u00e7\u00e3o \u00e0queles que n\u00e3o se submetem \u00e0 terapia, descobriram os pesquisadores.<\/p>\n<p>Testes adicionais devem ser realizados para determinar o montante exato do aumento do risco, antes que quaisquer altera\u00e7\u00f5es sejam feitas para o tratamento do c\u00e2ncer de pr\u00f3stata, disse o principal autor da pesquisa, Dr. Kevin Nead, da Universidade da Pensilv\u00e2nia, nos EUA.\u00a0 J\u00e1 era do conhecimento dos cientistas que reduzir drasticamente a atividade de andr\u00f3geno pode ter efeitos colaterais adversos. Estudos descobriram associa\u00e7\u00f5es entre baixos n\u00edveis de testosterona e impot\u00eancia, hipertens\u00e3o arterial, obesidade, diabetes e depress\u00e3o. Nos \u00faltimos anos, os estudos tamb\u00e9m ligaram a baixa testosterona a defeitos cognitivos. Os homens com a doen\u00e7a de Alzheimer teriam n\u00edveis de testosterona mais baixos do que os homens da mesma idade sem a doen\u00e7a.<\/p>\n<p>Os pesquisadores da Universidade da Pensilv\u00e2nia e da Universidade de Stanford analisaram os registros m\u00e9dicos de milh\u00f5es de pacientes, identificando 18.000 com c\u00e2ncer de pr\u00f3stata, sendo que 16.888 tinham c\u00e2ncer da pr\u00f3stata n\u00e3o metast\u00e1tico. No total, 2.397 pacientes de c\u00e2ncer de pr\u00f3stata tinham sido tratados com terapia de priva\u00e7\u00e3o de andr\u00f3geno. As an\u00e1lises e conclus\u00f5es foram publicadas na\u00a0<em>Journal of Clinical Oncology<\/em>.<\/p>\n<p>Comparando os grupos de tratamento, aqueles que passavam pela forma comum de combate apresentaram mais diagn\u00f3sticos de Alzheimer nos anos seguintes da terapia de redu\u00e7\u00e3o de andr\u00f3geno. Os pesquisadores determinaram que os que passavam pelo tratamento tinham probabilidade 88% maior de desenvolver a forma de dem\u00eancia. O tempo de tratamento tamb\u00e9m teve influ\u00eancia progressiva.<\/p>\n<p>Os cientistas ainda n\u00e3o sabem exatamente como os baixos n\u00edveis de testosterona levariam a um aumento do risco de Alzheimer. No entanto, acredita-se que a testosterona tenha um \u201cefeito protetor geral\u201d nas c\u00e9lulas do c\u00e9rebro. Como tal, a redu\u00e7\u00e3o da testosterona pode causar uma queda de resist\u00eancia cerebral aos processos que conduzem \u00e0 dem\u00eancia.<\/p>\n<p><em>\u201cAl\u00e9m disso, baixos n\u00edveis de testosterona podem aumentar o risco de Alzheimer indiretamente, atrav\u00e9s da promo\u00e7\u00e3o de condi\u00e7\u00f5es como diabetes e aterosclerose, que s\u00e3o conhecidos por predispor \u00e0 doen\u00e7a\u201d<\/em>, conclu\u00edram os pesquisadores.<\/p>\n","protected":false},"excerpt":{"rendered":"<p>Homens submetidos \u00e0 terapia de redu\u00e7\u00e3o de testosterona devido ao c\u00e2ncer de pr\u00f3stata s\u00e3o duas vezes mais propensos a desenvolverem a doen\u00e7a de Alzheimer, segundo dados de um novo estudo.<\/p>\n","protected":false},"author":1,"featured_media":20209,"comment_status":"open","ping_status":"open","sticky":false,"template":"","format":"standard","meta":{"_links_to":"","_links_to_target":""},"categories":[4,1],"tags":[],"views":1922,"_links":{"self":[{"href":"https:\/\/www.brazilianpress.com\/v1\/wp-json\/wp\/v2\/posts\/20208"}],"collection":[{"href":"https:\/\/www.brazilianpress.com\/v1\/wp-json\/wp\/v2\/posts"}],"about":[{"href":"https:\/\/www.brazilianpress.com\/v1\/wp-json\/wp\/v2\/types\/post"}],"author":[{"embeddable":true,"href":"https:\/\/www.brazilianpress.com\/v1\/wp-json\/wp\/v2\/users\/1"}],"replies":[{"embeddable":true,"href":"https:\/\/www.brazilianpress.com\/v1\/wp-json\/wp\/v2\/comments?post=20208"}],"version-history":[{"count":1,"href":"https:\/\/www.brazilianpress.com\/v1\/wp-json\/wp\/v2\/posts\/20208\/revisions"}],"predecessor-version":[{"id":20210,"href":"https:\/\/www.brazilianpress.com\/v1\/wp-json\/wp\/v2\/posts\/20208\/revisions\/20210"}],"wp:featuredmedia":[{"embeddable":true,"href":"https:\/\/www.brazilianpress.com\/v1\/wp-json\/wp\/v2\/media\/20209"}],"wp:attachment":[{"href":"https:\/\/www.brazilianpress.com\/v1\/wp-json\/wp\/v2\/media?parent=20208"}],"wp:term":[{"taxonomy":"category","embeddable":true,"href":"https:\/\/www.brazilianpress.com\/v1\/wp-json\/wp\/v2\/categories?post=20208"},{"taxonomy":"post_tag","embeddable":true,"href":"https:\/\/www.brazilianpress.com\/v1\/wp-json\/wp\/v2\/tags?post=20208"}],"curies":[{"name":"wp","href":"https:\/\/api.w.org\/{rel}","templated":true}]}}