{"id":20211,"date":"2016-01-21T14:33:19","date_gmt":"2016-01-21T18:33:19","guid":{"rendered":"http:\/\/www.brazilianpress.com\/v1\/?p=20211"},"modified":"2016-01-21T14:33:19","modified_gmt":"2016-01-21T18:33:19","slug":"virus-ameaca-criancas-no-norte-do-texas","status":"publish","type":"post","link":"https:\/\/www.brazilianpress.com\/v1\/2016\/01\/21\/virus-ameaca-criancas-no-norte-do-texas\/","title":{"rendered":"V\u00edrus amea\u00e7a crian\u00e7as no norte do Texas"},"content":{"rendered":"<p><img loading=\"lazy\" class=\"alignnone size-full wp-image-20212\" src=\"http:\/\/www.brazilianpress.com\/v1\/wp-content\/uploads\/2016\/01\/bebe-virus.jpg\" alt=\"bebe virus\" width=\"500\" height=\"325\" srcset=\"https:\/\/www.brazilianpress.com\/v1\/wp-content\/uploads\/2016\/01\/bebe-virus.jpg 500w, https:\/\/www.brazilianpress.com\/v1\/wp-content\/uploads\/2016\/01\/bebe-virus-300x195.jpg 300w\" sizes=\"(max-width: 500px) 100vw, 500px\" \/><\/p>\n<p>V\u00e1rias crian\u00e7as do norte do Texas est\u00e3o sofrendo do V\u00edrus Sincicial Respirat\u00f3rio, ou VSR por sua sigla em ingl\u00eas. Segundo o Centro de Controle e Preven\u00e7\u00e3o de Enfermidades, o v\u00edrus RSV afeta os pulm\u00f5es e as vias respirat\u00f3rias. O v\u00edrus \u00e9 o maior causador de bronquite e pneumonia nos menores de um ano.<!--more--><\/p>\n<p>Segundo o diretor do Hospital Infantil Children\u2019s, Ray Tsai, este v\u00edrus pode representar um grande perigo para as crian\u00e7as pequenas e causa febre, tosse e congest\u00e3o nasal.<\/p>\n<p>O hospital informou que metade de seus pacientes s\u00e3o crian\u00e7as portadoras deste v\u00edrus. O m\u00e9dico disse que \u00e9 importante que, se voc\u00ea perceber esses sintomas nas crian\u00e7as dever\u00e1 fazer de tudo para remover o muco para que possam respirar.<\/p>\n<p>Outra coisa importante, de acordo com o m\u00e9dico, \u00e9 reduzir os n\u00edveis de febre e que voc\u00ea pode usar Tylenol, Motrin ou qualquer outro medicamento para controlar a febre.<\/p>\n<p>O n\u00famero recorde de v\u00edtimas mostra que o v\u00edrus est\u00e1 no ar e as crian\u00e7as pequenas s\u00e3o as mais propensas a contra\u00ed-lo.<\/p>\n<p>A doen\u00e7a \u00e9 transmitida quando uma crian\u00e7a tosse, o v\u00edrus fica no ar e outra crian\u00e7a o respira.\u00a0Tamb\u00e9m atrav\u00e9s do beijo, ou quando entra em contato com qualquer superf\u00edcie que foi exposta ao v\u00edrus.<\/p>\n<p>As autoridades recomendam que as crian\u00e7as devem lavar as m\u00e3os com frequ\u00eancia, n\u00e3o compartilhar copos ou utens\u00edlios com outras crian\u00e7as e abster-se de dar beijos.<\/p>\n","protected":false},"excerpt":{"rendered":"<p>V\u00e1rias crian\u00e7as do norte do Texas est\u00e3o sofrendo do V\u00edrus Sincicial Respirat\u00f3rio, ou VSR por sua sigla em ingl\u00eas. Segundo o Centro de Controle e Preven\u00e7\u00e3o de Enfermidades, o v\u00edrus RSV afeta os pulm\u00f5es e as vias respirat\u00f3rias. O v\u00edrus \u00e9 o maior causador de bronquite e pneumonia nos menores de um ano.<\/p>\n","protected":false},"author":1,"featured_media":20212,"comment_status":"open","ping_status":"open","sticky":false,"template":"","format":"standard","meta":{"_links_to":"","_links_to_target":""},"categories":[4,1],"tags":[],"views":1833,"_links":{"self":[{"href":"https:\/\/www.brazilianpress.com\/v1\/wp-json\/wp\/v2\/posts\/20211"}],"collection":[{"href":"https:\/\/www.brazilianpress.com\/v1\/wp-json\/wp\/v2\/posts"}],"about":[{"href":"https:\/\/www.brazilianpress.com\/v1\/wp-json\/wp\/v2\/types\/post"}],"author":[{"embeddable":true,"href":"https:\/\/www.brazilianpress.com\/v1\/wp-json\/wp\/v2\/users\/1"}],"replies":[{"embeddable":true,"href":"https:\/\/www.brazilianpress.com\/v1\/wp-json\/wp\/v2\/comments?post=20211"}],"version-history":[{"count":1,"href":"https:\/\/www.brazilianpress.com\/v1\/wp-json\/wp\/v2\/posts\/20211\/revisions"}],"predecessor-version":[{"id":20213,"href":"https:\/\/www.brazilianpress.com\/v1\/wp-json\/wp\/v2\/posts\/20211\/revisions\/20213"}],"wp:featuredmedia":[{"embeddable":true,"href":"https:\/\/www.brazilianpress.com\/v1\/wp-json\/wp\/v2\/media\/20212"}],"wp:attachment":[{"href":"https:\/\/www.brazilianpress.com\/v1\/wp-json\/wp\/v2\/media?parent=20211"}],"wp:term":[{"taxonomy":"category","embeddable":true,"href":"https:\/\/www.brazilianpress.com\/v1\/wp-json\/wp\/v2\/categories?post=20211"},{"taxonomy":"post_tag","embeddable":true,"href":"https:\/\/www.brazilianpress.com\/v1\/wp-json\/wp\/v2\/tags?post=20211"}],"curies":[{"name":"wp","href":"https:\/\/api.w.org\/{rel}","templated":true}]}}