{"id":20223,"date":"2016-01-21T14:43:04","date_gmt":"2016-01-21T18:43:04","guid":{"rendered":"http:\/\/www.brazilianpress.com\/v1\/?p=20223"},"modified":"2016-01-21T14:43:04","modified_gmt":"2016-01-21T18:43:04","slug":"novo-chefe-de-detetives-do-condado-de-essex-e-primeira-mulher-negra-a-liderar-as-operacoes-da-policia-do-condado","status":"publish","type":"post","link":"https:\/\/www.brazilianpress.com\/v1\/2016\/01\/21\/novo-chefe-de-detetives-do-condado-de-essex-e-primeira-mulher-negra-a-liderar-as-operacoes-da-policia-do-condado\/","title":{"rendered":"Novo chefe de detetives do Condado de Essex \u00e9 primeira mulher negra a liderar as opera\u00e7\u00f5es da pol\u00edcia do condado"},"content":{"rendered":"<p><img loading=\"lazy\" class=\"alignnone size-full wp-image-20224\" src=\"http:\/\/www.brazilianpress.com\/v1\/wp-content\/uploads\/2016\/01\/Quovella-M-Spruill.jpg\" alt=\"Quovella M Spruill\" width=\"500\" height=\"322\" srcset=\"https:\/\/www.brazilianpress.com\/v1\/wp-content\/uploads\/2016\/01\/Quovella-M-Spruill.jpg 500w, https:\/\/www.brazilianpress.com\/v1\/wp-content\/uploads\/2016\/01\/Quovella-M-Spruill-300x193.jpg 300w\" sizes=\"(max-width: 500px) 100vw, 500px\" \/><\/p>\n<p>Uma oficial veterana no Gabinete do Procurador do Condado de Essex se tornou a chefe dos detetives no Gabinete do Procurador do Condado de Essex. Quovella M. Spruill, 45 anos, foi empossada quarta-feira, tornando-se a primeira mulher africana-americana a servir como a mais alta oficial de classifica\u00e7\u00e3o em unidade de pol\u00edcia do departamento.<!--more--><\/p>\n<p>Spruill, um nativo de Newark, recebeu seu diploma de bacharel da New Jersey Institute of Technology e seu mestrado de Seton Hall University. Ela se juntou o escrit\u00f3rio do condado Minist\u00e9rio P\u00fablico em 1998 como uma investigadora e tem crescido constantemente atrav\u00e9s das fileiras, servindo em v\u00e1rias unidades, incluindo homic\u00eddio, v\u00edtimas especiais e o bureau de padr\u00f5es profissionais. Spruill substitui o antigo chefe dos detetives Anthony Ambrose, que foi empossado como Diretor de Seguran\u00e7a P\u00fablica na cidade de Newark, em dezembro, em meio a uma revis\u00e3o de pol\u00edcia, bombeiros e gest\u00e3o de do departamento de emerg\u00eancia da cidade.<\/p>\n","protected":false},"excerpt":{"rendered":"<p>Uma oficial veterana no Gabinete do Procurador do Condado de Essex se tornou a chefe dos detetives no Gabinete do Procurador do Condado de Essex. Quovella M. Spruill, 45 anos, foi empossada quarta-feira, tornando-se a primeira mulher africana-americana a servir como a mais alta oficial de classifica\u00e7\u00e3o em unidade de pol\u00edcia do departamento.<\/p>\n","protected":false},"author":1,"featured_media":20224,"comment_status":"open","ping_status":"open","sticky":false,"template":"","format":"standard","meta":{"_links_to":"","_links_to_target":""},"categories":[4,1],"tags":[],"views":2912,"_links":{"self":[{"href":"https:\/\/www.brazilianpress.com\/v1\/wp-json\/wp\/v2\/posts\/20223"}],"collection":[{"href":"https:\/\/www.brazilianpress.com\/v1\/wp-json\/wp\/v2\/posts"}],"about":[{"href":"https:\/\/www.brazilianpress.com\/v1\/wp-json\/wp\/v2\/types\/post"}],"author":[{"embeddable":true,"href":"https:\/\/www.brazilianpress.com\/v1\/wp-json\/wp\/v2\/users\/1"}],"replies":[{"embeddable":true,"href":"https:\/\/www.brazilianpress.com\/v1\/wp-json\/wp\/v2\/comments?post=20223"}],"version-history":[{"count":1,"href":"https:\/\/www.brazilianpress.com\/v1\/wp-json\/wp\/v2\/posts\/20223\/revisions"}],"predecessor-version":[{"id":20225,"href":"https:\/\/www.brazilianpress.com\/v1\/wp-json\/wp\/v2\/posts\/20223\/revisions\/20225"}],"wp:featuredmedia":[{"embeddable":true,"href":"https:\/\/www.brazilianpress.com\/v1\/wp-json\/wp\/v2\/media\/20224"}],"wp:attachment":[{"href":"https:\/\/www.brazilianpress.com\/v1\/wp-json\/wp\/v2\/media?parent=20223"}],"wp:term":[{"taxonomy":"category","embeddable":true,"href":"https:\/\/www.brazilianpress.com\/v1\/wp-json\/wp\/v2\/categories?post=20223"},{"taxonomy":"post_tag","embeddable":true,"href":"https:\/\/www.brazilianpress.com\/v1\/wp-json\/wp\/v2\/tags?post=20223"}],"curies":[{"name":"wp","href":"https:\/\/api.w.org\/{rel}","templated":true}]}}