{"id":20229,"date":"2016-01-21T14:45:51","date_gmt":"2016-01-21T18:45:51","guid":{"rendered":"http:\/\/www.brazilianpress.com\/v1\/?p=20229"},"modified":"2016-01-21T14:45:51","modified_gmt":"2016-01-21T18:45:51","slug":"abuso-extremo-menina-de-3-anos-vivia-amarrada-dentro-de-armario-no-estado-do-arizona","status":"publish","type":"post","link":"https:\/\/www.brazilianpress.com\/v1\/2016\/01\/21\/abuso-extremo-menina-de-3-anos-vivia-amarrada-dentro-de-armario-no-estado-do-arizona\/","title":{"rendered":"Abuso extremo: menina de 3 anos vivia amarrada dentro de arm\u00e1rio no estado do Arizona"},"content":{"rendered":"<p><img loading=\"lazy\" class=\"alignnone size-full wp-image-20230\" src=\"http:\/\/www.brazilianpress.com\/v1\/wp-content\/uploads\/2016\/01\/menina-de-tres-anos.jpg\" alt=\"menina de tres anos\" width=\"500\" height=\"281\" srcset=\"https:\/\/www.brazilianpress.com\/v1\/wp-content\/uploads\/2016\/01\/menina-de-tres-anos.jpg 500w, https:\/\/www.brazilianpress.com\/v1\/wp-content\/uploads\/2016\/01\/menina-de-tres-anos-300x169.jpg 300w\" sizes=\"(max-width: 500px) 100vw, 500px\" \/><\/p>\n<p>As autoridades de Mesa no Arizona, tiveram uma grande surpresa ao encontrar uma menina de tr\u00eas anos vivendo escondida em um arm\u00e1rio em situa\u00e7\u00e3o deplor\u00e1vel.<\/p>\n<p>De acordo com a pol\u00edcia, a menor se encontrava em uma mala preta, amarrada de p\u00e9s e m\u00e3os com fita adesiva e n\u00e3o podia falar porque tamb\u00e9m tinha a boca tampada.\u00a0Quando foi localizada, a mesma vestia apenas uma camiseta e fraldas sujas.<!--more--><\/p>\n<p>Em uma confer\u00eancia de imprensa, os investigadores disseram que o suposto respons\u00e1vel pela situa\u00e7\u00e3o foi identificado como Francisco Javier Rios-Covarrubias e a m\u00e3e da crian\u00e7a foi identificada como Mayra Solis de 21 anos.<\/p>\n<p>O chefe de pol\u00edcia, John Meza, disse que o acusado foi denunciado por um homem que o mesmo havia conhecido atrav\u00e9s da internet para ter rela\u00e7\u00f5es sexuais, mas este n\u00e3o aceitou porque Francisco tamb\u00e9m ofereceu a menor para realizar tais atos. A crian\u00e7a apresentava hematomas e feridas pelo corpo.<\/p>\n<p>A m\u00e3e da menina disse que deixou a filha com Rios-Covarrubias para que ele cuidasse dela enquanto trabalhava, por\u00e9m n\u00e3o foi v\u00ea-la uma s\u00f3 vez.<\/p>\n<p>A pol\u00edcia informou que a menor permanecia sozinha na casa a maior parte do dia, pois o homem trabalhava em um restaurante.<\/p>\n<p>A investiga\u00e7\u00e3o tamb\u00e9m revela que a m\u00e3e da menina raspava o cabelo dela para receber dinheiro e doa\u00e7\u00f5es dizendo que a menina tinha c\u00e2ncer.<\/p>\n<p>Na casa foi encontrada uma quantidade n\u00e3o revelada de metanfetamina e n\u00e3o est\u00e1 descartada a hip\u00f3tese de que as drogas tinham um papel importante no caso.<\/p>\n<p>Rios-Covarrubias se apresentou \u00e0 Corte Superior de Maricopa e foi acusado dos seguintes crimes:\u00a0sequestro, conduta sexual com uma menor e abuso de menores todos delitos de segundo grau.<\/p>\n<p>A m\u00e3e da menor, pode sair sob fian\u00e7a de $15,000 e enfrenta acusa\u00e7\u00e3o por abuso de menores e ter\u00e1 que apresentar-se \u00e0 corte no pr\u00f3ximo dia 26 de janeiro.<\/p>\n<p>A garota se encontra no Departamento de Prote\u00e7\u00e3o a Menores e se recupera dos danos que sofreu j\u00e1 que tamb\u00e9m tem dificuldades de ficar em p\u00e9.<\/p>\n","protected":false},"excerpt":{"rendered":"<p>As autoridades de Mesa no Arizona, tiveram uma grande surpresa ao encontrar uma menina de tr\u00eas anos vivendo escondida em um arm\u00e1rio em situa\u00e7\u00e3o deplor\u00e1vel. De acordo com a pol\u00edcia, a menor se encontrava em uma mala preta, amarrada de p\u00e9s e m\u00e3os com fita adesiva e n\u00e3o podia falar porque tamb\u00e9m tinha a boca tampada.\u00a0Quando foi localizada, a mesma vestia apenas uma camiseta e fraldas sujas.<\/p>\n","protected":false},"author":1,"featured_media":20230,"comment_status":"open","ping_status":"open","sticky":false,"template":"","format":"standard","meta":{"_links_to":"","_links_to_target":""},"categories":[4,1],"tags":[],"views":3362,"_links":{"self":[{"href":"https:\/\/www.brazilianpress.com\/v1\/wp-json\/wp\/v2\/posts\/20229"}],"collection":[{"href":"https:\/\/www.brazilianpress.com\/v1\/wp-json\/wp\/v2\/posts"}],"about":[{"href":"https:\/\/www.brazilianpress.com\/v1\/wp-json\/wp\/v2\/types\/post"}],"author":[{"embeddable":true,"href":"https:\/\/www.brazilianpress.com\/v1\/wp-json\/wp\/v2\/users\/1"}],"replies":[{"embeddable":true,"href":"https:\/\/www.brazilianpress.com\/v1\/wp-json\/wp\/v2\/comments?post=20229"}],"version-history":[{"count":1,"href":"https:\/\/www.brazilianpress.com\/v1\/wp-json\/wp\/v2\/posts\/20229\/revisions"}],"predecessor-version":[{"id":20231,"href":"https:\/\/www.brazilianpress.com\/v1\/wp-json\/wp\/v2\/posts\/20229\/revisions\/20231"}],"wp:featuredmedia":[{"embeddable":true,"href":"https:\/\/www.brazilianpress.com\/v1\/wp-json\/wp\/v2\/media\/20230"}],"wp:attachment":[{"href":"https:\/\/www.brazilianpress.com\/v1\/wp-json\/wp\/v2\/media?parent=20229"}],"wp:term":[{"taxonomy":"category","embeddable":true,"href":"https:\/\/www.brazilianpress.com\/v1\/wp-json\/wp\/v2\/categories?post=20229"},{"taxonomy":"post_tag","embeddable":true,"href":"https:\/\/www.brazilianpress.com\/v1\/wp-json\/wp\/v2\/tags?post=20229"}],"curies":[{"name":"wp","href":"https:\/\/api.w.org\/{rel}","templated":true}]}}