{"id":20234,"date":"2016-01-21T14:53:57","date_gmt":"2016-01-21T18:53:57","guid":{"rendered":"http:\/\/www.brazilianpress.com\/v1\/?p=20234"},"modified":"2016-01-28T12:08:57","modified_gmt":"2016-01-28T16:08:57","slug":"dois-mineiros-que-estavam-foragidos-que-viviam-nos-eua-foram-presos-pela-policia-federal","status":"publish","type":"post","link":"https:\/\/www.brazilianpress.com\/v1\/2016\/01\/21\/dois-mineiros-que-estavam-foragidos-que-viviam-nos-eua-foram-presos-pela-policia-federal\/","title":{"rendered":"Dois mineiros que estavam foragidos que viviam nos EUA foram presos pela Pol\u00edcia Federal"},"content":{"rendered":"<p><img loading=\"lazy\" class=\"alignnone size-full wp-image-20235\" src=\"http:\/\/www.brazilianpress.com\/v1\/wp-content\/uploads\/2016\/01\/policia-federal.jpg\" alt=\"policia federal\" width=\"500\" height=\"300\" srcset=\"https:\/\/www.brazilianpress.com\/v1\/wp-content\/uploads\/2016\/01\/policia-federal.jpg 500w, https:\/\/www.brazilianpress.com\/v1\/wp-content\/uploads\/2016\/01\/policia-federal-300x180.jpg 300w\" sizes=\"(max-width: 500px) 100vw, 500px\" \/><\/p>\n<p>Na manh\u00e3 desta ter\u00e7a-feira (19), a Pol\u00edcia Federal em Minas Gerais deu voz de pris\u00e3o a dois brasileiros que estavam foragidos da Justi\u00e7a mineira nos Estados Unidos e foram deportados por tamb\u00e9m infringirem as leis migrat\u00f3rias norte-americanas.<!--more--><\/p>\n<p>Um dos presos tem 46 anos, estava foragido desde 2013 e condenado a 13 anos de reclus\u00e3o por homic\u00eddio qualificado. Ele foi capturado no fim de 2015 na cidade de Pompano Beach, condado de Broward, estado da Fl\u00f3rida.<\/p>\n<p>O outro preso tem 35 anos e estava foragido desde 2012, tendo contra si mandado de pris\u00e3o preventiva por homic\u00eddio qualificado, praticado em 2003 na cidade de Governador Valadares. Ele tamb\u00e9m foi capturado em 2015, na cidade de Oak Bluffs em Martha\u2019s Vineyard, estado de Massachusetts.<\/p>\n<p>Os dois constavam na difus\u00e3o vermelha da Interpol (alerta inserido em sistema policial mundial, com o intuito de localizar e prender criminosos procurados internacionalmente). Eles desembarcaram hoje no Aeroporto Internacional Tancredo Neves em Confins\/MG, recebendo voz de pris\u00e3o.<\/p>\n<p>Ambas as a\u00e7\u00f5es para pris\u00e3o dos dois brasileiros nos Estados Unidos foram coordenadas e executadas pela Ag\u00eancia americana Immigration and Customs Enforcement\u00b4s (ICE).<\/p>\n<p>Ap\u00f3s serem submetidos a exame de corpo de delito, os presos ser\u00e3o encaminhados ao Complexo Penitenci\u00e1rio Nelson Hungria em Contagem\/MG, onde permanecer\u00e3o \u00e0 disposi\u00e7\u00e3o do Juiz de Direito da Comarca de Itambacuri\/MG e do Juiz de Direito da Comarca de Governador Valadares\/MG, respectivamente.<\/p>\n<p>Fruto de cont\u00ednuo trabalho de coopera\u00e7\u00e3o desenvolvido entre a Pol\u00edcia Federal, a j\u00e1 citada ag\u00eancia norte-americana ICE e a ag\u00eancia da pol\u00edcia dos Estados Unidos no Brasil, v\u00e1rias pris\u00f5es de foragidos procurados pela Interpol est\u00e3o sendo efetuadas.<\/p>\n","protected":false},"excerpt":{"rendered":"<p>Na manh\u00e3 desta ter\u00e7a-feira (19), a Pol\u00edcia Federal em Minas Gerais deu voz de pris\u00e3o a dois brasileiros que estavam foragidos da Justi\u00e7a mineira nos Estados Unidos e foram deportados por tamb\u00e9m infringirem as leis migrat\u00f3rias norte-americanas.<\/p>\n","protected":false},"author":1,"featured_media":20235,"comment_status":"open","ping_status":"open","sticky":false,"template":"","format":"standard","meta":{"_links_to":"","_links_to_target":""},"categories":[4,1],"tags":[],"views":3037,"_links":{"self":[{"href":"https:\/\/www.brazilianpress.com\/v1\/wp-json\/wp\/v2\/posts\/20234"}],"collection":[{"href":"https:\/\/www.brazilianpress.com\/v1\/wp-json\/wp\/v2\/posts"}],"about":[{"href":"https:\/\/www.brazilianpress.com\/v1\/wp-json\/wp\/v2\/types\/post"}],"author":[{"embeddable":true,"href":"https:\/\/www.brazilianpress.com\/v1\/wp-json\/wp\/v2\/users\/1"}],"replies":[{"embeddable":true,"href":"https:\/\/www.brazilianpress.com\/v1\/wp-json\/wp\/v2\/comments?post=20234"}],"version-history":[{"count":1,"href":"https:\/\/www.brazilianpress.com\/v1\/wp-json\/wp\/v2\/posts\/20234\/revisions"}],"predecessor-version":[{"id":20236,"href":"https:\/\/www.brazilianpress.com\/v1\/wp-json\/wp\/v2\/posts\/20234\/revisions\/20236"}],"wp:featuredmedia":[{"embeddable":true,"href":"https:\/\/www.brazilianpress.com\/v1\/wp-json\/wp\/v2\/media\/20235"}],"wp:attachment":[{"href":"https:\/\/www.brazilianpress.com\/v1\/wp-json\/wp\/v2\/media?parent=20234"}],"wp:term":[{"taxonomy":"category","embeddable":true,"href":"https:\/\/www.brazilianpress.com\/v1\/wp-json\/wp\/v2\/categories?post=20234"},{"taxonomy":"post_tag","embeddable":true,"href":"https:\/\/www.brazilianpress.com\/v1\/wp-json\/wp\/v2\/tags?post=20234"}],"curies":[{"name":"wp","href":"https:\/\/api.w.org\/{rel}","templated":true}]}}