{"id":20237,"date":"2016-01-21T14:56:16","date_gmt":"2016-01-21T18:56:16","guid":{"rendered":"http:\/\/www.brazilianpress.com\/v1\/?p=20237"},"modified":"2016-01-28T12:03:31","modified_gmt":"2016-01-28T16:03:31","slug":"adolescente-acusado-de-homicidio-em-newark-nj","status":"publish","type":"post","link":"https:\/\/www.brazilianpress.com\/v1\/2016\/01\/21\/adolescente-acusado-de-homicidio-em-newark-nj\/","title":{"rendered":"Adolescente acusado de homic\u00eddio em Newark, NJ"},"content":{"rendered":"<p><img loading=\"lazy\" class=\"alignnone size-full wp-image-20238\" src=\"http:\/\/www.brazilianpress.com\/v1\/wp-content\/uploads\/2016\/01\/adolescente.jpg\" alt=\"adolescente\" width=\"500\" height=\"375\" srcset=\"https:\/\/www.brazilianpress.com\/v1\/wp-content\/uploads\/2016\/01\/adolescente.jpg 500w, https:\/\/www.brazilianpress.com\/v1\/wp-content\/uploads\/2016\/01\/adolescente-300x225.jpg 300w\" sizes=\"(max-width: 500px) 100vw, 500px\" \/><\/p>\n<p>Um garoto de 17 anos de idade foi acusado de assassinar um homem durante ato de viol\u00eancia que abalou a cidade durante o ver\u00e3o do ano passado, informou a pol\u00edcia em um comunicado. <!--more--><\/p>\n<p>O adolescente, cujo nome n\u00e3o foi divulgado por causa de sua idade, foi preso sexta-feira quando ele foi visto perto da Oliver e Jefferson Streets, por causa de um inqu\u00e9rito que estava sendo realizado pela Crimes Task Force Major, de acordo com o porta-voz do procurador Thomas Fennelly. Ele est\u00e1 sendo supervisionado pelo Essex County Youth House e est\u00e1 programado para aparecer na Divis\u00e3o de Fam\u00edlia do Tribunal na pr\u00f3xima semana.<\/p>\n<p>As autoridades dizem que o adolescente baleou Jesus Santi, 59, no bloco 300 da N. 12th Street na manh\u00e3 de 27 de agosto de 2015. Santi era um residente de Newark e Chester, Pa . Santi foi morto cerca de uma semana depois de uma s\u00e9rie incidentes de viol\u00eancia que custou seis vidas. Nenhum dos incidentes foram relacionados .<\/p>\n","protected":false},"excerpt":{"rendered":"<p>Um garoto de 17 anos de idade foi acusado de assassinar um homem durante ato de viol\u00eancia que abalou a cidade durante o ver\u00e3o do ano passado, informou a pol\u00edcia em um comunicado.<\/p>\n","protected":false},"author":1,"featured_media":20238,"comment_status":"open","ping_status":"open","sticky":false,"template":"","format":"standard","meta":{"_links_to":"","_links_to_target":""},"categories":[4,1],"tags":[],"views":2509,"_links":{"self":[{"href":"https:\/\/www.brazilianpress.com\/v1\/wp-json\/wp\/v2\/posts\/20237"}],"collection":[{"href":"https:\/\/www.brazilianpress.com\/v1\/wp-json\/wp\/v2\/posts"}],"about":[{"href":"https:\/\/www.brazilianpress.com\/v1\/wp-json\/wp\/v2\/types\/post"}],"author":[{"embeddable":true,"href":"https:\/\/www.brazilianpress.com\/v1\/wp-json\/wp\/v2\/users\/1"}],"replies":[{"embeddable":true,"href":"https:\/\/www.brazilianpress.com\/v1\/wp-json\/wp\/v2\/comments?post=20237"}],"version-history":[{"count":1,"href":"https:\/\/www.brazilianpress.com\/v1\/wp-json\/wp\/v2\/posts\/20237\/revisions"}],"predecessor-version":[{"id":20239,"href":"https:\/\/www.brazilianpress.com\/v1\/wp-json\/wp\/v2\/posts\/20237\/revisions\/20239"}],"wp:featuredmedia":[{"embeddable":true,"href":"https:\/\/www.brazilianpress.com\/v1\/wp-json\/wp\/v2\/media\/20238"}],"wp:attachment":[{"href":"https:\/\/www.brazilianpress.com\/v1\/wp-json\/wp\/v2\/media?parent=20237"}],"wp:term":[{"taxonomy":"category","embeddable":true,"href":"https:\/\/www.brazilianpress.com\/v1\/wp-json\/wp\/v2\/categories?post=20237"},{"taxonomy":"post_tag","embeddable":true,"href":"https:\/\/www.brazilianpress.com\/v1\/wp-json\/wp\/v2\/tags?post=20237"}],"curies":[{"name":"wp","href":"https:\/\/api.w.org\/{rel}","templated":true}]}}