{"id":20240,"date":"2016-01-21T14:58:10","date_gmt":"2016-01-21T18:58:10","guid":{"rendered":"http:\/\/www.brazilianpress.com\/v1\/?p=20240"},"modified":"2016-01-28T08:48:19","modified_gmt":"2016-01-28T12:48:19","slug":"supremo-tribunal-revisara-reforma-migratoria-de-obama-ate-junho","status":"publish","type":"post","link":"https:\/\/www.brazilianpress.com\/v1\/2016\/01\/21\/supremo-tribunal-revisara-reforma-migratoria-de-obama-ate-junho\/","title":{"rendered":"Supremo Tribunal revisar\u00e1 reforma migrat\u00f3ria de Obama at\u00e9 junho"},"content":{"rendered":"<p><img loading=\"lazy\" class=\"alignnone size-full wp-image-20241\" src=\"http:\/\/www.brazilianpress.com\/v1\/wp-content\/uploads\/2016\/01\/reforma-migratoria.jpg\" alt=\"reforma migratoria\" width=\"500\" height=\"336\" srcset=\"https:\/\/www.brazilianpress.com\/v1\/wp-content\/uploads\/2016\/01\/reforma-migratoria.jpg 500w, https:\/\/www.brazilianpress.com\/v1\/wp-content\/uploads\/2016\/01\/reforma-migratoria-300x202.jpg 300w\" sizes=\"(max-width: 500px) 100vw, 500px\" \/><\/p>\n<p>O Supremo Tribunal dos Estados Unidos revisar\u00e1 a reforma migrat\u00f3ria do presidente Obama para regularizar quase cinco milh\u00f5es de indocumentados. <!--more-->A Corte se pronunciar\u00e1 sobre o caso antes do ver\u00e3o, coincidindo com uma campanha eleitoral que a imigra\u00e7\u00e3o j\u00e1 est\u00e1 enfrentando entre democratas e republicanos. Resolver\u00e1 assim uma das propostas legislativas de Obama mais ambiciosas e que, gra\u00e7as ao bloqueio dos conservadores, nunca chegou a entrar em vigor.<\/p>\n","protected":false},"excerpt":{"rendered":"<p>O Supremo Tribunal dos Estados Unidos revisar\u00e1 a reforma migrat\u00f3ria do presidente Obama para regularizar quase cinco milh\u00f5es de indocumentados.<\/p>\n","protected":false},"author":1,"featured_media":20241,"comment_status":"open","ping_status":"open","sticky":false,"template":"","format":"standard","meta":{"_links_to":"","_links_to_target":""},"categories":[4,1],"tags":[],"views":2280,"_links":{"self":[{"href":"https:\/\/www.brazilianpress.com\/v1\/wp-json\/wp\/v2\/posts\/20240"}],"collection":[{"href":"https:\/\/www.brazilianpress.com\/v1\/wp-json\/wp\/v2\/posts"}],"about":[{"href":"https:\/\/www.brazilianpress.com\/v1\/wp-json\/wp\/v2\/types\/post"}],"author":[{"embeddable":true,"href":"https:\/\/www.brazilianpress.com\/v1\/wp-json\/wp\/v2\/users\/1"}],"replies":[{"embeddable":true,"href":"https:\/\/www.brazilianpress.com\/v1\/wp-json\/wp\/v2\/comments?post=20240"}],"version-history":[{"count":1,"href":"https:\/\/www.brazilianpress.com\/v1\/wp-json\/wp\/v2\/posts\/20240\/revisions"}],"predecessor-version":[{"id":20242,"href":"https:\/\/www.brazilianpress.com\/v1\/wp-json\/wp\/v2\/posts\/20240\/revisions\/20242"}],"wp:featuredmedia":[{"embeddable":true,"href":"https:\/\/www.brazilianpress.com\/v1\/wp-json\/wp\/v2\/media\/20241"}],"wp:attachment":[{"href":"https:\/\/www.brazilianpress.com\/v1\/wp-json\/wp\/v2\/media?parent=20240"}],"wp:term":[{"taxonomy":"category","embeddable":true,"href":"https:\/\/www.brazilianpress.com\/v1\/wp-json\/wp\/v2\/categories?post=20240"},{"taxonomy":"post_tag","embeddable":true,"href":"https:\/\/www.brazilianpress.com\/v1\/wp-json\/wp\/v2\/tags?post=20240"}],"curies":[{"name":"wp","href":"https:\/\/api.w.org\/{rel}","templated":true}]}}