{"id":20260,"date":"2016-01-28T08:47:15","date_gmt":"2016-01-28T12:47:15","guid":{"rendered":"http:\/\/www.brazilianpress.com\/v1\/?p=20260"},"modified":"2016-02-04T07:47:03","modified_gmt":"2016-02-04T11:47:03","slug":"social-press-28012016","status":"publish","type":"post","link":"https:\/\/www.brazilianpress.com\/v1\/2016\/01\/28\/social-press-28012016\/","title":{"rendered":"Social Press . 28\/01\/2016"},"content":{"rendered":"<p><strong><em><img loading=\"lazy\" class=\"alignnone size-full wp-image-20244\" src=\"http:\/\/www.brazilianpress.com\/v1\/wp-content\/uploads\/2016\/01\/social-press-ed1768-20160128-1.jpg\" alt=\"social press ed1768 20160128 (1)\" width=\"450\" height=\"338\" srcset=\"https:\/\/www.brazilianpress.com\/v1\/wp-content\/uploads\/2016\/01\/social-press-ed1768-20160128-1.jpg 450w, https:\/\/www.brazilianpress.com\/v1\/wp-content\/uploads\/2016\/01\/social-press-ed1768-20160128-1-300x225.jpg 300w\" sizes=\"(max-width: 450px) 100vw, 450px\" \/><br \/>\nBlizzard 2016: a cantora Taiara Desire\u00e9 de Castro curtiu a chegada da tempestade de neve, brincando pelas ruas todas branquinhas\u2026<\/em><\/strong><\/p>\n<p><strong><em><img loading=\"lazy\" class=\"alignnone size-full wp-image-20249\" src=\"http:\/\/www.brazilianpress.com\/v1\/wp-content\/uploads\/2016\/01\/social-press-ed1768-20160128-6.jpg\" alt=\"social press ed1768 20160128 (6)\" width=\"400\" height=\"467\" srcset=\"https:\/\/www.brazilianpress.com\/v1\/wp-content\/uploads\/2016\/01\/social-press-ed1768-20160128-6.jpg 400w, https:\/\/www.brazilianpress.com\/v1\/wp-content\/uploads\/2016\/01\/social-press-ed1768-20160128-6-257x300.jpg 257w\" sizes=\"(max-width: 400px) 100vw, 400px\" \/><br \/>\nO Gente boa Sylvio com (Y) kkkk, ao lado do amigo cantor Yegor Gomes que est\u00e1 de visita e fazendo uns show s\u00f3 para os amigos, Valeu!<\/em><\/strong><\/p>\n<p><strong><em><img loading=\"lazy\" class=\"alignnone size-full wp-image-20250\" src=\"http:\/\/www.brazilianpress.com\/v1\/wp-content\/uploads\/2016\/01\/social-press-ed1768-20160128-7.jpg\" alt=\"social press ed1768 20160128 (7)\" width=\"450\" height=\"253\" srcset=\"https:\/\/www.brazilianpress.com\/v1\/wp-content\/uploads\/2016\/01\/social-press-ed1768-20160128-7.jpg 450w, https:\/\/www.brazilianpress.com\/v1\/wp-content\/uploads\/2016\/01\/social-press-ed1768-20160128-7-300x169.jpg 300w\" sizes=\"(max-width: 450px) 100vw, 450px\" \/><br \/>\nQuem est\u00e1 visitando a mam\u00e3e Francisca nessa \u00e9poca congelada, \u00e9 a gatinha Brenda Beleza, diretamente de Bras\u00edlia, trazendo alegria \u00e0 fam\u00edlia.<\/em><\/strong><!--more--><\/p>\n<p><strong><em><img loading=\"lazy\" class=\"alignnone size-full wp-image-20251\" src=\"http:\/\/www.brazilianpress.com\/v1\/wp-content\/uploads\/2016\/01\/social-press-ed1768-20160128-8.jpg\" alt=\"social press ed1768 20160128 (8)\" width=\"400\" height=\"400\" srcset=\"https:\/\/www.brazilianpress.com\/v1\/wp-content\/uploads\/2016\/01\/social-press-ed1768-20160128-8.jpg 400w, https:\/\/www.brazilianpress.com\/v1\/wp-content\/uploads\/2016\/01\/social-press-ed1768-20160128-8-150x150.jpg 150w, https:\/\/www.brazilianpress.com\/v1\/wp-content\/uploads\/2016\/01\/social-press-ed1768-20160128-8-300x300.jpg 300w\" sizes=\"(max-width: 400px) 100vw, 400px\" \/><br \/>\nEm \u00f3tima forma, linda e sensual, Roberta Murakami acaba de anunciar sua gravidez e mostrou coragem para limpar a neve depois da tempestade de s\u00e1bado. Felicidades!<\/em><\/strong><\/p>\n<p><strong><em><img loading=\"lazy\" class=\"alignnone size-full wp-image-20252\" src=\"http:\/\/www.brazilianpress.com\/v1\/wp-content\/uploads\/2016\/01\/social-press-ed1768-20160128-9.jpg\" alt=\"social press ed1768 20160128 (9)\" width=\"450\" height=\"338\" srcset=\"https:\/\/www.brazilianpress.com\/v1\/wp-content\/uploads\/2016\/01\/social-press-ed1768-20160128-9.jpg 450w, https:\/\/www.brazilianpress.com\/v1\/wp-content\/uploads\/2016\/01\/social-press-ed1768-20160128-9-300x225.jpg 300w\" sizes=\"(max-width: 450px) 100vw, 450px\" \/><br \/>\nO gerente Manu Costa celebrou o anivers\u00e1rio do camarada Rafael, com muito alto-astral no Altas Horas Lanches.<\/em><\/strong><\/p>\n<p><strong><em><img loading=\"lazy\" class=\"alignnone size-full wp-image-20253\" src=\"http:\/\/www.brazilianpress.com\/v1\/wp-content\/uploads\/2016\/01\/social-press-ed1768-20160128-10.jpg\" alt=\"social press ed1768 20160128 (10)\" width=\"400\" height=\"429\" srcset=\"https:\/\/www.brazilianpress.com\/v1\/wp-content\/uploads\/2016\/01\/social-press-ed1768-20160128-10.jpg 400w, https:\/\/www.brazilianpress.com\/v1\/wp-content\/uploads\/2016\/01\/social-press-ed1768-20160128-10-280x300.jpg 280w\" sizes=\"(max-width: 400px) 100vw, 400px\" \/><br \/>\nUm forte abra\u00e7o a modelo Wariadna Faier , muito linda nesta pose em um de seus trabalhos fotogr\u00e1ficos.<\/em><\/strong><\/p>\n<p><strong><em><img loading=\"lazy\" class=\"alignnone size-full wp-image-20254\" src=\"http:\/\/www.brazilianpress.com\/v1\/wp-content\/uploads\/2016\/01\/social-press-ed1768-20160128-11.jpg\" alt=\"social press ed1768 20160128 (11)\" width=\"350\" height=\"467\" srcset=\"https:\/\/www.brazilianpress.com\/v1\/wp-content\/uploads\/2016\/01\/social-press-ed1768-20160128-11.jpg 350w, https:\/\/www.brazilianpress.com\/v1\/wp-content\/uploads\/2016\/01\/social-press-ed1768-20160128-11-225x300.jpg 225w\" sizes=\"(max-width: 350px) 100vw, 350px\" \/><br \/>\nForte abra\u00e7o e votos de muito sucesso em 2016 \u00e0 querida gauchinha Mana Aninha e o camarada Eduardo Boston. Sucesso!<\/em><\/strong><\/p>\n<p><strong><em><img loading=\"lazy\" class=\"alignnone size-full wp-image-20255\" src=\"http:\/\/www.brazilianpress.com\/v1\/wp-content\/uploads\/2016\/01\/social-press-ed1768-20160128-12.jpg\" alt=\"social press ed1768 20160128 (12)\" width=\"400\" height=\"400\" srcset=\"https:\/\/www.brazilianpress.com\/v1\/wp-content\/uploads\/2016\/01\/social-press-ed1768-20160128-12.jpg 400w, https:\/\/www.brazilianpress.com\/v1\/wp-content\/uploads\/2016\/01\/social-press-ed1768-20160128-12-150x150.jpg 150w, https:\/\/www.brazilianpress.com\/v1\/wp-content\/uploads\/2016\/01\/social-press-ed1768-20160128-12-300x300.jpg 300w\" sizes=\"(max-width: 400px) 100vw, 400px\" \/><br \/>\nAproveitando a juventude, nosso amigo Carlos Daniel Davidson est\u00e1 com um visual novo, real\u00e7ando a boa forma. Cool!\u00a0\u00a0<\/em><\/strong><\/p>\n<p><strong><em><img loading=\"lazy\" class=\"alignnone size-full wp-image-20256\" src=\"http:\/\/www.brazilianpress.com\/v1\/wp-content\/uploads\/2016\/01\/social-press-ed1768-20160128-13.jpg\" alt=\"social press ed1768 20160128 (13)\" width=\"350\" height=\"575\" srcset=\"https:\/\/www.brazilianpress.com\/v1\/wp-content\/uploads\/2016\/01\/social-press-ed1768-20160128-13.jpg 350w, https:\/\/www.brazilianpress.com\/v1\/wp-content\/uploads\/2016\/01\/social-press-ed1768-20160128-13-183x300.jpg 183w\" sizes=\"(max-width: 350px) 100vw, 350px\" \/><br \/>\nNosso amigo Angelo Teixeira est\u00e1 aproveitando f\u00e9rias no Brasil e celebrou ao lado da sobrinha Larissa em Florian\u00f3polis. Enjoy it!<\/em><\/strong><\/p>\n<p><strong><em><img loading=\"lazy\" class=\"alignnone size-full wp-image-20245\" src=\"http:\/\/www.brazilianpress.com\/v1\/wp-content\/uploads\/2016\/01\/social-press-ed1768-20160128-2.jpg\" alt=\"social press ed1768 20160128 (2)\" width=\"400\" height=\"400\" srcset=\"https:\/\/www.brazilianpress.com\/v1\/wp-content\/uploads\/2016\/01\/social-press-ed1768-20160128-2.jpg 400w, https:\/\/www.brazilianpress.com\/v1\/wp-content\/uploads\/2016\/01\/social-press-ed1768-20160128-2-150x150.jpg 150w, https:\/\/www.brazilianpress.com\/v1\/wp-content\/uploads\/2016\/01\/social-press-ed1768-20160128-2-300x300.jpg 300w\" sizes=\"(max-width: 400px) 100vw, 400px\" \/><br \/>\nHappy Birthday \u00e0 barmaid Bottle Girl Paula, sucesso no Vivo Tapas &amp; Lounge, o badalado nightclub do Ironbound.<\/em><\/strong><\/p>\n<p><strong><em><img loading=\"lazy\" class=\"alignnone size-full wp-image-20246\" src=\"http:\/\/www.brazilianpress.com\/v1\/wp-content\/uploads\/2016\/01\/social-press-ed1768-20160128-3.jpg\" alt=\"social press ed1768 20160128 (3)\" width=\"400\" height=\"400\" srcset=\"https:\/\/www.brazilianpress.com\/v1\/wp-content\/uploads\/2016\/01\/social-press-ed1768-20160128-3.jpg 400w, https:\/\/www.brazilianpress.com\/v1\/wp-content\/uploads\/2016\/01\/social-press-ed1768-20160128-3-150x150.jpg 150w, https:\/\/www.brazilianpress.com\/v1\/wp-content\/uploads\/2016\/01\/social-press-ed1768-20160128-3-300x300.jpg 300w\" sizes=\"(max-width: 400px) 100vw, 400px\" \/><br \/>\nJovem e super linda, Sibele Amorim \u00e9 um monumento extra na Praia de Pipa no Rio Grande do Norte. Sucesso gatinha!<\/em><\/strong><\/p>\n<p><strong><em><img loading=\"lazy\" class=\"alignnone size-full wp-image-20247\" src=\"http:\/\/www.brazilianpress.com\/v1\/wp-content\/uploads\/2016\/01\/social-press-ed1768-20160128-4.jpg\" alt=\"social press ed1768 20160128 (4)\" width=\"400\" height=\"400\" srcset=\"https:\/\/www.brazilianpress.com\/v1\/wp-content\/uploads\/2016\/01\/social-press-ed1768-20160128-4.jpg 400w, https:\/\/www.brazilianpress.com\/v1\/wp-content\/uploads\/2016\/01\/social-press-ed1768-20160128-4-150x150.jpg 150w, https:\/\/www.brazilianpress.com\/v1\/wp-content\/uploads\/2016\/01\/social-press-ed1768-20160128-4-300x300.jpg 300w\" sizes=\"(max-width: 400px) 100vw, 400px\" \/><br \/>\nHappy Birthday Claudia que completa mais um inverno ao lado do marid\u00e3o Carmo Aurelio, parab\u00e9ns!!<\/em><\/strong><\/p>\n<p><strong><em><img loading=\"lazy\" class=\"alignnone size-full wp-image-20248\" src=\"http:\/\/www.brazilianpress.com\/v1\/wp-content\/uploads\/2016\/01\/social-press-ed1768-20160128-5.jpg\" alt=\"social press ed1768 20160128 (5)\" width=\"400\" height=\"462\" srcset=\"https:\/\/www.brazilianpress.com\/v1\/wp-content\/uploads\/2016\/01\/social-press-ed1768-20160128-5.jpg 400w, https:\/\/www.brazilianpress.com\/v1\/wp-content\/uploads\/2016\/01\/social-press-ed1768-20160128-5-260x300.jpg 260w\" sizes=\"(max-width: 400px) 100vw, 400px\" \/><br \/>\nNosso amigo Wanrrobert ( Lyons Travel) j\u00e1 est\u00e1 pronto para o Carnaval, n\u00e3o \u00e9 que ele est\u00e1 at\u00e9 bonitinho, kkkkk!<\/em><\/strong><\/p>\n","protected":false},"excerpt":{"rendered":"<p>Blizzard 2016: a cantora Taiara Desire\u00e9 de Castro curtiu a chegada da tempestade de neve, brincando pelas ruas todas branquinhas\u2026 O Gente boa Sylvio com (Y) kkkk, ao lado do amigo cantor Yegor Gomes que est\u00e1 de visita e fazendo uns show s\u00f3 para os amigos, Valeu! Quem est\u00e1 visitando a mam\u00e3e Francisca nessa \u00e9poca congelada, \u00e9 a gatinha Brenda Beleza, diretamente de Bras\u00edlia, trazendo alegria \u00e0 fam\u00edlia.<\/p>\n","protected":false},"author":1,"featured_media":20244,"comment_status":"open","ping_status":"open","sticky":false,"template":"","format":"standard","meta":{"_links_to":"","_links_to_target":""},"categories":[4,19,1,6],"tags":[],"views":3289,"_links":{"self":[{"href":"https:\/\/www.brazilianpress.com\/v1\/wp-json\/wp\/v2\/posts\/20260"}],"collection":[{"href":"https:\/\/www.brazilianpress.com\/v1\/wp-json\/wp\/v2\/posts"}],"about":[{"href":"https:\/\/www.brazilianpress.com\/v1\/wp-json\/wp\/v2\/types\/post"}],"author":[{"embeddable":true,"href":"https:\/\/www.brazilianpress.com\/v1\/wp-json\/wp\/v2\/users\/1"}],"replies":[{"embeddable":true,"href":"https:\/\/www.brazilianpress.com\/v1\/wp-json\/wp\/v2\/comments?post=20260"}],"version-history":[{"count":1,"href":"https:\/\/www.brazilianpress.com\/v1\/wp-json\/wp\/v2\/posts\/20260\/revisions"}],"predecessor-version":[{"id":20261,"href":"https:\/\/www.brazilianpress.com\/v1\/wp-json\/wp\/v2\/posts\/20260\/revisions\/20261"}],"wp:featuredmedia":[{"embeddable":true,"href":"https:\/\/www.brazilianpress.com\/v1\/wp-json\/wp\/v2\/media\/20244"}],"wp:attachment":[{"href":"https:\/\/www.brazilianpress.com\/v1\/wp-json\/wp\/v2\/media?parent=20260"}],"wp:term":[{"taxonomy":"category","embeddable":true,"href":"https:\/\/www.brazilianpress.com\/v1\/wp-json\/wp\/v2\/categories?post=20260"},{"taxonomy":"post_tag","embeddable":true,"href":"https:\/\/www.brazilianpress.com\/v1\/wp-json\/wp\/v2\/tags?post=20260"}],"curies":[{"name":"wp","href":"https:\/\/api.w.org\/{rel}","templated":true}]}}