{"id":20265,"date":"2016-01-28T11:48:49","date_gmt":"2016-01-28T15:48:49","guid":{"rendered":"http:\/\/www.brazilianpress.com\/v1\/?p=20265"},"modified":"2016-01-28T11:48:49","modified_gmt":"2016-01-28T15:48:49","slug":"lea-campos-que-vai-mandar-no-mundo","status":"publish","type":"post","link":"https:\/\/www.brazilianpress.com\/v1\/2016\/01\/28\/lea-campos-que-vai-mandar-no-mundo\/","title":{"rendered":"L\u00e9a Campos: Que Vai Mandar no Mundo?"},"content":{"rendered":"<p><img loading=\"lazy\" class=\"alignnone size-full wp-image-20266\" src=\"http:\/\/www.brazilianpress.com\/v1\/wp-content\/uploads\/2016\/01\/graziela_paulino_yaci_lea-campos.jpg\" alt=\"graziela_paulino_yaci_lea campos\" width=\"500\" height=\"302\" srcset=\"https:\/\/www.brazilianpress.com\/v1\/wp-content\/uploads\/2016\/01\/graziela_paulino_yaci_lea-campos.jpg 500w, https:\/\/www.brazilianpress.com\/v1\/wp-content\/uploads\/2016\/01\/graziela_paulino_yaci_lea-campos-300x181.jpg 300w\" sizes=\"(max-width: 500px) 100vw, 500px\" \/><\/p>\n<p>Assim inicia a m\u00fasica sertaneja: &#8220;Quem vai mandar no mundo, eu sei quem \u00e9, quem vai mandar no mundo \u00e9 a mulher&#8230;\u201d<br \/>\nAos poucos vamos ocupando espa\u00e7os antes imposs\u00edveis para as mulheres.<br \/>\nSomos teimosas e quando queremos, conseguimos, ainda que tenhamos que abrir m\u00e3o de algumas coisas que aparentemente eram mais importantes.<br \/>\nHoje vemos mulheres se desenvolvendo em todos os setores, desde os mais sofisticados at\u00e9 os mais rudes.<!--more--><br \/>\nTemos mulheres presidindo alguns pa\u00edses, apesar de algumas n\u00e3o terem no\u00e7\u00e3o do que \u00e9 ser uma mandat\u00e1ria, (como vem acontecendo no Brasil, por exemplo), advogadas, engenheiras, m\u00e9dicas, professoras, assim como temos mulheres trabalhando na constru\u00e7\u00e3o, em caminh\u00f5es coletores de lixo, nas fazendas domando animais, ordenhando e nos mais variados tipos de esporte, n\u00e3o levando em conta o perigo de alguns.<br \/>\nTemos mulheres participando de corridas de carro, arriscando suas vidas num trap\u00e9zio de circo, enfim as mulheres de hoje n\u00e3o escolhem caminhos f\u00e1ceis e o medo n\u00e3o faz parte da rotina delas.<br \/>\nEstamos vendo uma \u00edndia do Amazonas, da tribo Kasap\u00e3na, lutando com seu arco para representar sua etnia nas Olimp\u00edadas.<br \/>\nGraziela Paulino dos Santos, a Yaci, com19 anos, venceu a seletiva do tiro com arco e est\u00e1 a cada dia que passa mais pr\u00f3xima da Olimp\u00edada.<br \/>\nGraziela sabe que o caminho a percorrer \u00e9 competitivo e longo, sabe que outras tribos buscam uma vaga nas Olimp\u00edadas Rio 2016, mas confia em sua habilidade com o arco, que sempre usou para ca\u00e7ar.<br \/>\nOs ind\u00edgenas sabem que ter\u00e3o que participar das quatro etapas da seletiva final, que acontecer\u00e1 entre mar\u00e7o e abril, a competi\u00e7\u00e3o determina que os dois que vencerem mais confrontos ser\u00e3o convocados para o Rio-2016 e a comiss\u00e3o t\u00e9cnica aponta outros dois, dos quatro sair\u00e3o tr\u00eas titulares por equipe, que competir\u00e3o na chave simples e quem ser\u00e1 reserva.<br \/>\nA seletiva re\u00fane 60 arqueiros, para selecionar cinco atletas de\u00a0 cada naipe, para a disputa final, que contar\u00e1 com os integrantes da sele\u00e7\u00e3o, entre os quais est\u00e3o Marcos Vinicius D&#8217;Almenda e Sarah Nikitin, os melhores at\u00e9 agora como um todo.<br \/>\nA \u00faltima\u00a0 vaga (masculino) ficou com\u00a0outro ind\u00edgena, Nelson Silva Moraes, o Inha Quira, da tribo Kameba, o mais jovem da competi\u00e7\u00e3o com apenar 15 anos, mas os resultados do \u00faltimo fim de semana, mostraram que a chance dele ficar com uma das tr\u00eas vagas \u00e9 bastante pequena.<br \/>\nYaci, (Graziela) orgulho de sua tribo, vitoriosa no vestibular, cursa Ci\u00eancias Cont\u00e1beis, al\u00e9m de fazer parte da Funda\u00e7\u00e3o Amazonas Sustent\u00e1vel, apesar de tudo nunca abandona seu arco e treina nas horas que lhe sobram.<br \/>\nEstaremos torcendo por Graziela e por Sara Nikitin nas pr\u00f3ximas Olimp\u00edadas, pedindo que os homens respeitem o universo feminino.<br \/>\nN\u00e3o queremos usurpar o lugar de ningu\u00e9m, queremos apenas nosso espa\u00e7o em qualquer rama, afinal somos todos brasileiros, ainda que tentem nos transformar em cubanos .<br \/>\nSomos livres para lutar por nossos sonhos e ningu\u00e9m vai barrar o \u00eaxito e a vit\u00f3ria das mulheres, somos maioria no mundo, por isso se nos unirmos podemos tudo o que queremos e que nos propusermos, ainda que os homens tentem impedir.<br \/>\nSabemos que os homens continuar\u00e3o lutando para nos derrotar, mas com intelig\u00eancia e persist\u00eancia os venceremos, a lei da f\u00edsica determina que dois corpos n\u00e3o podem ocupar o mesmo espa\u00e7o, por isso exigimos que respeitem o nosso, se querem que respeitemos o deles.<\/p>\n<p><strong> Informar \u00e9 um privil\u00e9gio, informar corretamente uma obriga\u00e7\u00e3o.<\/strong><\/p>\n<p><strong> L\u00e9a Campos<\/strong><\/p>\n","protected":false},"excerpt":{"rendered":"<p>Assim inicia a m\u00fasica sertaneja: &#8220;Quem vai mandar no mundo, eu sei quem \u00e9, quem vai mandar no mundo \u00e9 a mulher&#8230;\u201d Aos poucos vamos ocupando espa\u00e7os antes imposs\u00edveis para as mulheres. Somos teimosas e quando queremos, conseguimos, ainda que tenhamos que abrir m\u00e3o de algumas coisas que aparentemente eram mais importantes. Hoje vemos mulheres se desenvolvendo em todos os setores, desde os mais sofisticados at\u00e9 os mais rudes.<\/p>\n","protected":false},"author":1,"featured_media":20266,"comment_status":"open","ping_status":"open","sticky":false,"template":"","format":"standard","meta":{"_links_to":"","_links_to_target":""},"categories":[15,1],"tags":[],"views":2778,"_links":{"self":[{"href":"https:\/\/www.brazilianpress.com\/v1\/wp-json\/wp\/v2\/posts\/20265"}],"collection":[{"href":"https:\/\/www.brazilianpress.com\/v1\/wp-json\/wp\/v2\/posts"}],"about":[{"href":"https:\/\/www.brazilianpress.com\/v1\/wp-json\/wp\/v2\/types\/post"}],"author":[{"embeddable":true,"href":"https:\/\/www.brazilianpress.com\/v1\/wp-json\/wp\/v2\/users\/1"}],"replies":[{"embeddable":true,"href":"https:\/\/www.brazilianpress.com\/v1\/wp-json\/wp\/v2\/comments?post=20265"}],"version-history":[{"count":1,"href":"https:\/\/www.brazilianpress.com\/v1\/wp-json\/wp\/v2\/posts\/20265\/revisions"}],"predecessor-version":[{"id":20267,"href":"https:\/\/www.brazilianpress.com\/v1\/wp-json\/wp\/v2\/posts\/20265\/revisions\/20267"}],"wp:featuredmedia":[{"embeddable":true,"href":"https:\/\/www.brazilianpress.com\/v1\/wp-json\/wp\/v2\/media\/20266"}],"wp:attachment":[{"href":"https:\/\/www.brazilianpress.com\/v1\/wp-json\/wp\/v2\/media?parent=20265"}],"wp:term":[{"taxonomy":"category","embeddable":true,"href":"https:\/\/www.brazilianpress.com\/v1\/wp-json\/wp\/v2\/categories?post=20265"},{"taxonomy":"post_tag","embeddable":true,"href":"https:\/\/www.brazilianpress.com\/v1\/wp-json\/wp\/v2\/tags?post=20265"}],"curies":[{"name":"wp","href":"https:\/\/api.w.org\/{rel}","templated":true}]}}