{"id":20433,"date":"2016-02-04T07:46:39","date_gmt":"2016-02-04T11:46:39","guid":{"rendered":"http:\/\/www.brazilianpress.com\/v1\/?p=20433"},"modified":"2016-02-11T08:52:29","modified_gmt":"2016-02-11T12:52:29","slug":"social-press-04022016","status":"publish","type":"post","link":"https:\/\/www.brazilianpress.com\/v1\/2016\/02\/04\/social-press-04022016\/","title":{"rendered":"Social Press . 04\/02\/2016"},"content":{"rendered":"<p><strong><em><img loading=\"lazy\" class=\"alignnone size-full wp-image-20417\" src=\"http:\/\/www.brazilianpress.com\/v1\/wp-content\/uploads\/2016\/02\/social-press-ed1769-20160204-1.jpg\" alt=\"social press ed1769 20160204 (1)\" width=\"450\" height=\"338\" srcset=\"https:\/\/www.brazilianpress.com\/v1\/wp-content\/uploads\/2016\/02\/social-press-ed1769-20160204-1.jpg 450w, https:\/\/www.brazilianpress.com\/v1\/wp-content\/uploads\/2016\/02\/social-press-ed1769-20160204-1-300x225.jpg 300w\" sizes=\"(max-width: 450px) 100vw, 450px\" \/><br \/>\nNossos votos de felicidades ao casal Vivian e Rogerio , pela chegada do filho Kevin. A vov\u00f3 Yara Maura est\u00e1 toda sorridente. Parab\u00e9ns!!!<\/em><\/strong><\/p>\n<p><strong><em><img loading=\"lazy\" class=\"alignnone size-full wp-image-20422\" src=\"http:\/\/www.brazilianpress.com\/v1\/wp-content\/uploads\/2016\/02\/social-press-ed1769-20160204-6.jpg\" alt=\"social press ed1769 20160204 (6)\" width=\"400\" height=\"400\" srcset=\"https:\/\/www.brazilianpress.com\/v1\/wp-content\/uploads\/2016\/02\/social-press-ed1769-20160204-6.jpg 400w, https:\/\/www.brazilianpress.com\/v1\/wp-content\/uploads\/2016\/02\/social-press-ed1769-20160204-6-150x150.jpg 150w, https:\/\/www.brazilianpress.com\/v1\/wp-content\/uploads\/2016\/02\/social-press-ed1769-20160204-6-300x300.jpg 300w\" sizes=\"(max-width: 400px) 100vw, 400px\" \/><br \/>\nA jornalista e atriz Julia Melim est\u00e1 no Rio de Janeiro, aproveitando a nata do samba durante os festejos na Cidade Maravilhosa.<\/em><\/strong><\/p>\n<p><strong><em><img loading=\"lazy\" class=\"alignnone size-full wp-image-20423\" src=\"http:\/\/www.brazilianpress.com\/v1\/wp-content\/uploads\/2016\/02\/social-press-ed1769-20160204-7.jpg\" alt=\"social press ed1769 20160204 (7)\" width=\"400\" height=\"400\" srcset=\"https:\/\/www.brazilianpress.com\/v1\/wp-content\/uploads\/2016\/02\/social-press-ed1769-20160204-7.jpg 400w, https:\/\/www.brazilianpress.com\/v1\/wp-content\/uploads\/2016\/02\/social-press-ed1769-20160204-7-150x150.jpg 150w, https:\/\/www.brazilianpress.com\/v1\/wp-content\/uploads\/2016\/02\/social-press-ed1769-20160204-7-300x300.jpg 300w\" sizes=\"(max-width: 400px) 100vw, 400px\" \/><br \/>\nA talentosa cantora Martha Luizza est\u00e1 conquistando novos horizontes em sua carreira, com lan\u00e7amento de novo disco e shows pela Costa Leste. Sucesso!<\/em><\/strong><!--more--><\/p>\n<p><strong><em><img loading=\"lazy\" class=\"alignnone size-full wp-image-20424\" src=\"http:\/\/www.brazilianpress.com\/v1\/wp-content\/uploads\/2016\/02\/social-press-ed1769-20160204-8.jpg\" alt=\"social press ed1769 20160204 (8)\" width=\"400\" height=\"439\" srcset=\"https:\/\/www.brazilianpress.com\/v1\/wp-content\/uploads\/2016\/02\/social-press-ed1769-20160204-8.jpg 400w, https:\/\/www.brazilianpress.com\/v1\/wp-content\/uploads\/2016\/02\/social-press-ed1769-20160204-8-273x300.jpg 273w\" sizes=\"(max-width: 400px) 100vw, 400px\" \/><br \/>\nNa temporada dos apaixonados, vale fazer uma visita \u00e0 prestigiada Joalheria sob dire\u00e7\u00e3o de Delson Lima e sua fam\u00edlia e escolher aquela j\u00f3ia marcante para a sua alma g\u00eamea.<\/em><\/strong><\/p>\n<p><strong><em><img loading=\"lazy\" class=\"alignnone size-full wp-image-20425\" src=\"http:\/\/www.brazilianpress.com\/v1\/wp-content\/uploads\/2016\/02\/social-press-ed1769-20160204-9.jpg\" alt=\"social press ed1769 20160204 (9)\" width=\"450\" height=\"374\" srcset=\"https:\/\/www.brazilianpress.com\/v1\/wp-content\/uploads\/2016\/02\/social-press-ed1769-20160204-9.jpg 450w, https:\/\/www.brazilianpress.com\/v1\/wp-content\/uploads\/2016\/02\/social-press-ed1769-20160204-9-300x249.jpg 300w\" sizes=\"(max-width: 450px) 100vw, 450px\" \/><br \/>\nAbra\u00e7\u00e3o a essa dupla de lindas mulheres, a mam\u00e3e Cecilia e a filhota Francielle Rezende curtindo altas temperaturas nas praias da Fl\u00f3rida.<\/em><\/strong><\/p>\n<p><strong><em><img loading=\"lazy\" class=\"alignnone size-full wp-image-20426\" src=\"http:\/\/www.brazilianpress.com\/v1\/wp-content\/uploads\/2016\/02\/social-press-ed1769-20160204-10.jpg\" alt=\"social press ed1769 20160204 (10)\" width=\"400\" height=\"470\" srcset=\"https:\/\/www.brazilianpress.com\/v1\/wp-content\/uploads\/2016\/02\/social-press-ed1769-20160204-10.jpg 400w, https:\/\/www.brazilianpress.com\/v1\/wp-content\/uploads\/2016\/02\/social-press-ed1769-20160204-10-255x300.jpg 255w\" sizes=\"(max-width: 400px) 100vw, 400px\" \/><br \/>\nHappy Birthday ao designer e fundador do Ajuda Comunit\u00e1ria, Fl\u00e1vio Murillo, que celebrou com muita eleg\u00e2ncia ao lado de amigos em Manhattan.<\/em><\/strong><\/p>\n<p><strong><em><img loading=\"lazy\" class=\"alignnone size-full wp-image-20427\" src=\"http:\/\/www.brazilianpress.com\/v1\/wp-content\/uploads\/2016\/02\/social-press-ed1769-20160204-11.jpg\" alt=\"social press ed1769 20160204 (11)\" width=\"400\" height=\"400\" srcset=\"https:\/\/www.brazilianpress.com\/v1\/wp-content\/uploads\/2016\/02\/social-press-ed1769-20160204-11.jpg 400w, https:\/\/www.brazilianpress.com\/v1\/wp-content\/uploads\/2016\/02\/social-press-ed1769-20160204-11-150x150.jpg 150w, https:\/\/www.brazilianpress.com\/v1\/wp-content\/uploads\/2016\/02\/social-press-ed1769-20160204-11-300x300.jpg 300w\" sizes=\"(max-width: 400px) 100vw, 400px\" \/><br \/>\nHappy Birthday ao amigo Rafael Bail\u00e3o policial brasileiro na comunidade de Newark. Parab\u00e9ns e muitas felicidade!!<\/em><\/strong><\/p>\n<p><strong><em><img loading=\"lazy\" class=\"alignnone size-full wp-image-20429\" src=\"http:\/\/www.brazilianpress.com\/v1\/wp-content\/uploads\/2016\/02\/social-press-ed1769-20160204-13.jpg\" alt=\"social press ed1769 20160204 (13)\" width=\"350\" height=\"449\" srcset=\"https:\/\/www.brazilianpress.com\/v1\/wp-content\/uploads\/2016\/02\/social-press-ed1769-20160204-13.jpg 350w, https:\/\/www.brazilianpress.com\/v1\/wp-content\/uploads\/2016\/02\/social-press-ed1769-20160204-13-234x300.jpg 234w\" sizes=\"(max-width: 350px) 100vw, 350px\" \/><br \/>\nNossa amiga Cynthia Eden est\u00e1 esbanjando a boa forma com sua linda gravidez e registrando cada fase. No fim de semana ela curtiu as lentes do fot\u00f3grafo Sammy Gonzalez em ensaio natural.<\/em><\/strong><\/p>\n<p><strong><em><img loading=\"lazy\" class=\"alignnone size-full wp-image-20428\" src=\"http:\/\/www.brazilianpress.com\/v1\/wp-content\/uploads\/2016\/02\/social-press-ed1769-20160204-12.jpg\" alt=\"social press ed1769 20160204 (12)\" width=\"400\" height=\"533\" srcset=\"https:\/\/www.brazilianpress.com\/v1\/wp-content\/uploads\/2016\/02\/social-press-ed1769-20160204-12.jpg 400w, https:\/\/www.brazilianpress.com\/v1\/wp-content\/uploads\/2016\/02\/social-press-ed1769-20160204-12-225x300.jpg 225w\" sizes=\"(max-width: 400px) 100vw, 400px\" \/><br \/>\nF\u00e3s de aventuras, esportes e lutas radicais, D\u00e9bora Nunes, Hugo Aguiar e Maria prestigiaram o evento UFC realizado no Prudential Center s\u00e1bado passado.<\/em><\/strong><\/p>\n<p><strong><em><img loading=\"lazy\" class=\"alignnone size-full wp-image-20418\" src=\"http:\/\/www.brazilianpress.com\/v1\/wp-content\/uploads\/2016\/02\/social-press-ed1769-20160204-2.jpg\" alt=\"social press ed1769 20160204 (2)\" width=\"400\" height=\"400\" srcset=\"https:\/\/www.brazilianpress.com\/v1\/wp-content\/uploads\/2016\/02\/social-press-ed1769-20160204-2.jpg 400w, https:\/\/www.brazilianpress.com\/v1\/wp-content\/uploads\/2016\/02\/social-press-ed1769-20160204-2-150x150.jpg 150w, https:\/\/www.brazilianpress.com\/v1\/wp-content\/uploads\/2016\/02\/social-press-ed1769-20160204-2-300x300.jpg 300w\" sizes=\"(max-width: 400px) 100vw, 400px\" \/><br \/>\nO sorriso de crian\u00e7a transforma tudo em pureza e alegria. O pequenino Enzo celebrou 2 aninhos, recebendo o carinho da princesinha Kayla e dos pais Fabiula Frozza e Fl\u00e1vio Romano.<\/em><\/strong><\/p>\n<p><strong><em><img loading=\"lazy\" class=\"alignnone size-full wp-image-20419\" src=\"http:\/\/www.brazilianpress.com\/v1\/wp-content\/uploads\/2016\/02\/social-press-ed1769-20160204-3.jpg\" alt=\"social press ed1769 20160204 (3)\" width=\"400\" height=\"357\" srcset=\"https:\/\/www.brazilianpress.com\/v1\/wp-content\/uploads\/2016\/02\/social-press-ed1769-20160204-3.jpg 400w, https:\/\/www.brazilianpress.com\/v1\/wp-content\/uploads\/2016\/02\/social-press-ed1769-20160204-3-300x268.jpg 300w\" sizes=\"(max-width: 400px) 100vw, 400px\" \/><br \/>\nQuem est\u00e1 balan\u00e7ando Newark e o camarada Jay Messina que at\u00e9 Buteco tem agora, a foto n\u00e3o me deixa mentir. Valeu garoto!<\/em><\/strong><\/p>\n<p><strong><em><img loading=\"lazy\" class=\"alignnone size-full wp-image-20420\" src=\"http:\/\/www.brazilianpress.com\/v1\/wp-content\/uploads\/2016\/02\/social-press-ed1769-20160204-4.jpg\" alt=\"social press ed1769 20160204 (4)\" width=\"350\" height=\"527\" srcset=\"https:\/\/www.brazilianpress.com\/v1\/wp-content\/uploads\/2016\/02\/social-press-ed1769-20160204-4.jpg 350w, https:\/\/www.brazilianpress.com\/v1\/wp-content\/uploads\/2016\/02\/social-press-ed1769-20160204-4-199x300.jpg 199w\" sizes=\"(max-width: 350px) 100vw, 350px\" \/><br \/>\nSauda\u00e7\u00f5es ao talentoso m\u00fasico Renan Fariaz, uma das maiores feras musicais da \u00e1rea, Sucesso!!<\/em><\/strong><\/p>\n<p><strong><em><img loading=\"lazy\" class=\"alignnone size-full wp-image-20421\" src=\"http:\/\/www.brazilianpress.com\/v1\/wp-content\/uploads\/2016\/02\/social-press-ed1769-20160204-5.jpg\" alt=\"social press ed1769 20160204 (5)\" width=\"450\" height=\"355\" srcset=\"https:\/\/www.brazilianpress.com\/v1\/wp-content\/uploads\/2016\/02\/social-press-ed1769-20160204-5.jpg 450w, https:\/\/www.brazilianpress.com\/v1\/wp-content\/uploads\/2016\/02\/social-press-ed1769-20160204-5-300x237.jpg 300w\" sizes=\"(max-width: 450px) 100vw, 450px\" \/><br \/>\nIvoir, Polaco, Luiz, Carlos, Gabriel, Gilmar, e Valerio, Homens Guerreiros , trabalhadores que enfrentam alturas, frio e seja qual for as dificuldades para ganhar o p\u00e3o de cada dia. Nesta foto prestando servi\u00e7o para Newage Painting ( Rossine).<\/em><\/strong><\/p>\n<p><strong><em><br \/>\nA cantora Sarah Ferreira est\u00e1 de volta em New Jersey ap\u00f3s merecidas f\u00e9rias em Miami. Seja bem vinda!!!<\/em><\/strong><\/p>\n","protected":false},"excerpt":{"rendered":"<p>Nossos votos de felicidades ao casal Vivian e Rogerio , pela chegada do filho Kevin. A vov\u00f3 Yara Maura est\u00e1 toda sorridente. Parab\u00e9ns!!! A jornalista e atriz Julia Melim est\u00e1 no Rio de Janeiro, aproveitando a nata do samba durante os festejos na Cidade Maravilhosa. A talentosa cantora Martha Luizza est\u00e1 conquistando novos horizontes em sua carreira, com lan\u00e7amento de novo disco e shows pela Costa Leste. Sucesso!<\/p>\n","protected":false},"author":1,"featured_media":20417,"comment_status":"open","ping_status":"open","sticky":false,"template":"","format":"standard","meta":{"_links_to":"","_links_to_target":""},"categories":[4,19,1,6],"tags":[],"views":3102,"_links":{"self":[{"href":"https:\/\/www.brazilianpress.com\/v1\/wp-json\/wp\/v2\/posts\/20433"}],"collection":[{"href":"https:\/\/www.brazilianpress.com\/v1\/wp-json\/wp\/v2\/posts"}],"about":[{"href":"https:\/\/www.brazilianpress.com\/v1\/wp-json\/wp\/v2\/types\/post"}],"author":[{"embeddable":true,"href":"https:\/\/www.brazilianpress.com\/v1\/wp-json\/wp\/v2\/users\/1"}],"replies":[{"embeddable":true,"href":"https:\/\/www.brazilianpress.com\/v1\/wp-json\/wp\/v2\/comments?post=20433"}],"version-history":[{"count":1,"href":"https:\/\/www.brazilianpress.com\/v1\/wp-json\/wp\/v2\/posts\/20433\/revisions"}],"predecessor-version":[{"id":20434,"href":"https:\/\/www.brazilianpress.com\/v1\/wp-json\/wp\/v2\/posts\/20433\/revisions\/20434"}],"wp:featuredmedia":[{"embeddable":true,"href":"https:\/\/www.brazilianpress.com\/v1\/wp-json\/wp\/v2\/media\/20417"}],"wp:attachment":[{"href":"https:\/\/www.brazilianpress.com\/v1\/wp-json\/wp\/v2\/media?parent=20433"}],"wp:term":[{"taxonomy":"category","embeddable":true,"href":"https:\/\/www.brazilianpress.com\/v1\/wp-json\/wp\/v2\/categories?post=20433"},{"taxonomy":"post_tag","embeddable":true,"href":"https:\/\/www.brazilianpress.com\/v1\/wp-json\/wp\/v2\/tags?post=20433"}],"curies":[{"name":"wp","href":"https:\/\/api.w.org\/{rel}","templated":true}]}}