{"id":2060,"date":"2013-08-01T09:40:15","date_gmt":"2013-08-01T13:40:15","guid":{"rendered":"http:\/\/www.brazilianpress.com\/v1\/?p=2060"},"modified":"2013-08-01T09:40:15","modified_gmt":"2013-08-01T13:40:15","slug":"kalil-revela-que-o-atletico-mg-aceita-vender-bernard-ao-shakhtar","status":"publish","type":"post","link":"https:\/\/www.brazilianpress.com\/v1\/2013\/08\/01\/kalil-revela-que-o-atletico-mg-aceita-vender-bernard-ao-shakhtar\/","title":{"rendered":"Kalil revela que o Atl\u00e9tico-MG aceita vender Bernard ao Shakhtar"},"content":{"rendered":"<p>O presidente Alexandre Kalil confirmou, no final da manh\u00e3 da ter\u00e7a-feira, que o Shakhtar Donetsk, da Ucr\u00e2nia, fez uma proposta no valor pedido pelo Atl\u00e9tico-MG para negociar o atacante Bernard. De acordo com o dirigente, a concretiza\u00e7\u00e3o do neg\u00f3cio s\u00f3 depende do jovem jogador. \u201cSe o Bernard quiser, ele est\u00e1 vendido\u201d, disse o mandat\u00e1rio atleticano. A revela\u00e7\u00e3o do time mineiro, no entanto, n\u00e3o demonstra entusiasmo com a possibilidade de jogar no futebol ucraniano e disse que n\u00e3o h\u00e1 nada certo. \u201cEst\u00e1 entre Porto e Shakhtar\u201d, destacou.<!--more--><\/p>\n<p><img loading=\"lazy\" class=\"alignnone size-full wp-image-2064\" alt=\"atletico-mg bernard\" src=\"http:\/\/www.brazilianpress.com\/v1\/wp-content\/uploads\/2013\/08\/atletico-mg-bernard.jpg\" width=\"500\" height=\"300\" srcset=\"https:\/\/www.brazilianpress.com\/v1\/wp-content\/uploads\/2013\/08\/atletico-mg-bernard.jpg 500w, https:\/\/www.brazilianpress.com\/v1\/wp-content\/uploads\/2013\/08\/atletico-mg-bernard-300x180.jpg 300w\" sizes=\"(max-width: 500px) 100vw, 500px\" \/><\/p>\n<p>Alexandre Kalil fez essa revela\u00e7\u00e3o ap\u00f3s a solenidade em que o governador Antonio Augusto Anastasia recebeu, na Cidade Administrativa, jogadores, integrantes da comiss\u00e3o t\u00e9cnica e dirigentes do Atl\u00e9tico-MG para comemorar o t\u00edtulo da Libertadores conquistado h\u00e1 uma semana.<\/p>\n<p>Kalil n\u00e3o revelou a proposta do Shakhtar, mas garantiu que ela atende ao interesse atleticano. O presidente atleticano j\u00e1 havia afirmado que n\u00e3o venderia Bernard, principal revela\u00e7\u00e3o alvinegra nos \u00faltimos anos, por menos de 25 milh\u00f5es de euros. \u201c\u00c9 o Shakhtar sim, chegou no valor que n\u00f3s queremos se ele (<i>Bernard<\/i>) quiser ele vai\u201d, disse.<\/p>\n<p>Alexandre Kalil avalia como &#8220;muito avan\u00e7ada&#8221; a negocia\u00e7\u00e3o. \u201cS\u00f3 depende do Bernard aceitar. Tem boas chances de amanh\u00e3 (<i>quarta-feira<\/i>) ser o \u00faltimo jogo dele realmente\u201d, comentou Alexandre Kalil, referindo-se \u00e0 partida com o Atl\u00e9tico-PR, \u00e0s 19h30, no Independ\u00eancia, pela 10\u00aa rodada do Brasileir\u00e3o.<\/p>\n<p>O presidente atleticano afirmou que o clube mineiro recebeu outras propostas por Bernard, mas n\u00e3o revelou os nomes dos times interessados e nem os pa\u00edses. Segundo ele,\u00a0 o Shakhtar chegou ao valor desejado pelo Atl\u00e9tico-MG.<\/p>\n<p>Bernard, que na v\u00e9spera j\u00e1 havia revelado temor com a dificuldade de adapta\u00e7\u00e3o na Ucr\u00e2nia e no Shakhtar, fez quest\u00e3o de dizer que n\u00e3o h\u00e1 nada certo para a sua transfer\u00eancia. \u201cEle (<i>presidente Alexandre Kalil<\/i>) revelou que est\u00e1 adiantando, mas n\u00e3o acertei nada ainda. N\u00e3o sei se vai ser o melhor para mim, estou conversando com a minha fam\u00edlia. Mas n\u00e3o est\u00e1 nada certo ainda\u201d, afirmou.<\/p>\n<p>O jovem atacante disse que al\u00e9m do Shakhtar, h\u00e1 a possibilidade de transfer\u00eancia para o Porto. \u201cTive reuni\u00e3o com ele e ele me colocou o que colocaram para ele e para mim mesmo. Est\u00e1 entre os dois (Porto e Shakhtar)\u201d, salientou. \u201cN\u00e3o tenho pressa, estou muito feliz aqui. Tudo tem o momento certo, Deus faz as coisas perfeitas\u201d, acrescentou.<\/p>\n<p>Diante do receio de Bernard, Alexandre Kalil garantiu que, apesar do acerto entre Atl\u00e9tico e Shakhtar, n\u00e3o haver\u00e1 nenhuma press\u00e3o para convencer o jogador. \u201cSe ele n\u00e3o quiser ir para a Ucr\u00e2nia, n\u00e3o tem problema nenhum. Est\u00e1 na m\u00e3o dele. J\u00e1 conversei com ele. \u00c9 assunto particular dele. Com o Atl\u00e9tico est\u00e1 praticamente fechado o valor. Se ele n\u00e3o quiser ir, n\u00e3o vai na marra\u201d, enfatizou.<\/p>\n","protected":false},"excerpt":{"rendered":"<p>O presidente Alexandre Kalil confirmou, no final da manh\u00e3 da ter\u00e7a-feira, que o Shakhtar Donetsk, da Ucr\u00e2nia, fez uma proposta no valor pedido pelo Atl\u00e9tico-MG para negociar o atacante Bernard. De acordo com o dirigente, a concretiza\u00e7\u00e3o do neg\u00f3cio s\u00f3 depende do jovem jogador. \u201cSe o Bernard quiser, ele est\u00e1 vendido\u201d, disse o mandat\u00e1rio atleticano. A revela\u00e7\u00e3o do time mineiro, no entanto, n\u00e3o demonstra entusiasmo com a possibilidade de jogar no futebol ucraniano e disse que n\u00e3o h\u00e1 nada certo. \u201cEst\u00e1 entre Porto e Shakhtar\u201d, destacou.<\/p>\n","protected":false},"author":1,"featured_media":2064,"comment_status":"open","ping_status":"open","sticky":false,"template":"","format":"standard","meta":{"_links_to":"","_links_to_target":""},"categories":[9,1],"tags":[],"views":3623,"_links":{"self":[{"href":"https:\/\/www.brazilianpress.com\/v1\/wp-json\/wp\/v2\/posts\/2060"}],"collection":[{"href":"https:\/\/www.brazilianpress.com\/v1\/wp-json\/wp\/v2\/posts"}],"about":[{"href":"https:\/\/www.brazilianpress.com\/v1\/wp-json\/wp\/v2\/types\/post"}],"author":[{"embeddable":true,"href":"https:\/\/www.brazilianpress.com\/v1\/wp-json\/wp\/v2\/users\/1"}],"replies":[{"embeddable":true,"href":"https:\/\/www.brazilianpress.com\/v1\/wp-json\/wp\/v2\/comments?post=2060"}],"version-history":[{"count":1,"href":"https:\/\/www.brazilianpress.com\/v1\/wp-json\/wp\/v2\/posts\/2060\/revisions"}],"predecessor-version":[{"id":2065,"href":"https:\/\/www.brazilianpress.com\/v1\/wp-json\/wp\/v2\/posts\/2060\/revisions\/2065"}],"wp:featuredmedia":[{"embeddable":true,"href":"https:\/\/www.brazilianpress.com\/v1\/wp-json\/wp\/v2\/media\/2064"}],"wp:attachment":[{"href":"https:\/\/www.brazilianpress.com\/v1\/wp-json\/wp\/v2\/media?parent=2060"}],"wp:term":[{"taxonomy":"category","embeddable":true,"href":"https:\/\/www.brazilianpress.com\/v1\/wp-json\/wp\/v2\/categories?post=2060"},{"taxonomy":"post_tag","embeddable":true,"href":"https:\/\/www.brazilianpress.com\/v1\/wp-json\/wp\/v2\/tags?post=2060"}],"curies":[{"name":"wp","href":"https:\/\/api.w.org\/{rel}","templated":true}]}}