{"id":2070,"date":"2013-08-01T09:53:20","date_gmt":"2013-08-01T13:53:20","guid":{"rendered":"http:\/\/www.brazilianpress.com\/v1\/?p=2070"},"modified":"2013-08-01T10:36:07","modified_gmt":"2013-08-01T14:36:07","slug":"luxemburgo-aceita-proposta-do-flu-e-assina-contrato-ate-o-final-de-2013","status":"publish","type":"post","link":"https:\/\/www.brazilianpress.com\/v1\/2013\/08\/01\/luxemburgo-aceita-proposta-do-flu-e-assina-contrato-ate-o-final-de-2013\/","title":{"rendered":"Luxemburgo aceita proposta do Flu e assina contrato at\u00e9 o final de 2013"},"content":{"rendered":"<p>O Fluminense ter\u00e1 um novo treinador j\u00e1 na quarta-feira, \u00e0s 19h30, contra o Cruzeiro, no Maracan\u00e3. O t\u00e9cnico Vanderlei Luxemburgo aceitou a proposta de contrato at\u00e9 o final desta temporada e substituir\u00e1 Abel Braga no comando do Tricolor. A contrata\u00e7\u00e3o dividiu v\u00e1rios membros da diretoria por conta da identifica\u00e7\u00e3o do t\u00e9cnico com o rival Flamengo.<\/p>\n<p><img loading=\"lazy\" class=\"alignnone size-full wp-image-2063\" alt=\"luxemburgo\" src=\"http:\/\/www.brazilianpress.com\/v1\/wp-content\/uploads\/2013\/08\/luxemburgo.jpg\" width=\"500\" height=\"300\" srcset=\"https:\/\/www.brazilianpress.com\/v1\/wp-content\/uploads\/2013\/08\/luxemburgo.jpg 500w, https:\/\/www.brazilianpress.com\/v1\/wp-content\/uploads\/2013\/08\/luxemburgo-300x180.jpg 300w\" sizes=\"(max-width: 500px) 100vw, 500px\" \/><\/p>\n<p>Luxemburgo ir\u00e1 \u00e0s Laranjeiras na ter\u00e7a-feira, comandar\u00e1 o treinamento e ser\u00e1 apresentado em seguida. A decis\u00e3o de contratar o treinador carioca foi tomada durante reuni\u00e3o que terminou durante a madrugada. Ney Franco era o plano B dos dirigentes do Fluminense, mas Celso Barros, presidente da Unimed, conseguiu convencer a diretoria de que o time precisava de um nome de impacto para mudar.<!--more--><\/p>\n<p>O t\u00e9cnico ter\u00e1 um sal\u00e1rio de R$ 350 mil por m\u00eas, menor do que recebia no Gr\u00eamio e metade do que o t\u00e9cnico Abel Braga ganhava nas Laranjeiras. Al\u00e9m disso, o Luxemburgo tamb\u00e9m trar\u00e1 sua comiss\u00e3o t\u00e9cnica, com o preparador f\u00edsico Ant\u00f4nio Mello e o auxiliar Junior Lopes. O custo total representar\u00e1 economia de R$ 150 mil ao Tricolor, que planeja montar uma comiss\u00e3o permanente e deve adiar o projeto.<\/p>\n<p>O an\u00fancio no site oficial do Fluminense cita o curr\u00edculo vitorioso do treinador e uma breve passagem de Luxemburgo no comando da equipe, h\u00e1 27 anos, quando era treinador dos juniores e substituiu interinamente o t\u00e9cnico Nelsinho em uma excurs\u00e3o pela Europa.<\/p>\n","protected":false},"excerpt":{"rendered":"<p>O Fluminense ter\u00e1 um novo treinador j\u00e1 na quarta-feira, \u00e0s 19h30, contra o Cruzeiro, no Maracan\u00e3. O t\u00e9cnico Vanderlei Luxemburgo aceitou a proposta de contrato at\u00e9 o final desta temporada e substituir\u00e1 Abel Braga no comando do Tricolor. A contrata\u00e7\u00e3o dividiu v\u00e1rios membros da diretoria por conta da identifica\u00e7\u00e3o do t\u00e9cnico com o rival Flamengo. Luxemburgo ir\u00e1 \u00e0s Laranjeiras na ter\u00e7a-feira, comandar\u00e1 o treinamento e ser\u00e1 apresentado em seguida. A decis\u00e3o de contratar o treinador carioca foi tomada durante reuni\u00e3o que terminou durante a madrugada. Ney Franco era o plano B dos dirigentes do Fluminense, mas Celso Barros, presidente da [&hellip;]<\/p>\n","protected":false},"author":1,"featured_media":2063,"comment_status":"open","ping_status":"open","sticky":false,"template":"","format":"standard","meta":{"_links_to":"","_links_to_target":""},"categories":[9,1],"tags":[],"views":2142,"_links":{"self":[{"href":"https:\/\/www.brazilianpress.com\/v1\/wp-json\/wp\/v2\/posts\/2070"}],"collection":[{"href":"https:\/\/www.brazilianpress.com\/v1\/wp-json\/wp\/v2\/posts"}],"about":[{"href":"https:\/\/www.brazilianpress.com\/v1\/wp-json\/wp\/v2\/types\/post"}],"author":[{"embeddable":true,"href":"https:\/\/www.brazilianpress.com\/v1\/wp-json\/wp\/v2\/users\/1"}],"replies":[{"embeddable":true,"href":"https:\/\/www.brazilianpress.com\/v1\/wp-json\/wp\/v2\/comments?post=2070"}],"version-history":[{"count":3,"href":"https:\/\/www.brazilianpress.com\/v1\/wp-json\/wp\/v2\/posts\/2070\/revisions"}],"predecessor-version":[{"id":2074,"href":"https:\/\/www.brazilianpress.com\/v1\/wp-json\/wp\/v2\/posts\/2070\/revisions\/2074"}],"wp:featuredmedia":[{"embeddable":true,"href":"https:\/\/www.brazilianpress.com\/v1\/wp-json\/wp\/v2\/media\/2063"}],"wp:attachment":[{"href":"https:\/\/www.brazilianpress.com\/v1\/wp-json\/wp\/v2\/media?parent=2070"}],"wp:term":[{"taxonomy":"category","embeddable":true,"href":"https:\/\/www.brazilianpress.com\/v1\/wp-json\/wp\/v2\/categories?post=2070"},{"taxonomy":"post_tag","embeddable":true,"href":"https:\/\/www.brazilianpress.com\/v1\/wp-json\/wp\/v2\/tags?post=2070"}],"curies":[{"name":"wp","href":"https:\/\/api.w.org\/{rel}","templated":true}]}}