{"id":2075,"date":"2013-08-01T09:59:28","date_gmt":"2013-08-01T13:59:28","guid":{"rendered":"http:\/\/www.brazilianpress.com\/v1\/?p=2075"},"modified":"2013-08-01T09:59:28","modified_gmt":"2013-08-01T13:59:28","slug":"tornado-na-italia-deixa-12-feridos","status":"publish","type":"post","link":"https:\/\/www.brazilianpress.com\/v1\/2013\/08\/01\/tornado-na-italia-deixa-12-feridos\/","title":{"rendered":"Tornado na It\u00e1lia deixa 12 feridos"},"content":{"rendered":"<p>Um tornado na regi\u00e3o de Mil\u00e3o, na It\u00e1lia, deixou 12 pessoas feridas na tarde de segunda-feira. Imagens de celular mostram a passagem do tornado, que deixou um rastro de destrui\u00e7\u00e3o. Pr\u00e9dios e carros ficaram destru\u00eddos. Equipes de resgate foram chamadas ao local. N\u00e3o h\u00e1 registros de mortes.<\/p>\n<p><img loading=\"lazy\" class=\"alignnone size-full wp-image-2076\" alt=\"tornado italia\" src=\"http:\/\/www.brazilianpress.com\/v1\/wp-content\/uploads\/2013\/08\/tornado-italia.jpg\" width=\"500\" height=\"317\" srcset=\"https:\/\/www.brazilianpress.com\/v1\/wp-content\/uploads\/2013\/08\/tornado-italia.jpg 500w, https:\/\/www.brazilianpress.com\/v1\/wp-content\/uploads\/2013\/08\/tornado-italia-300x190.jpg 300w\" sizes=\"(max-width: 500px) 100vw, 500px\" \/><\/p>\n<p>&nbsp;<\/p>\n","protected":false},"excerpt":{"rendered":"<p>Um tornado na regi\u00e3o de Mil\u00e3o, na It\u00e1lia, deixou 12 pessoas feridas na tarde de segunda-feira. Imagens de celular mostram a passagem do tornado, que deixou um rastro de destrui\u00e7\u00e3o. Pr\u00e9dios e carros ficaram destru\u00eddos. Equipes de resgate foram chamadas ao local. N\u00e3o h\u00e1 registros de mortes. &nbsp;<\/p>\n","protected":false},"author":1,"featured_media":2076,"comment_status":"open","ping_status":"open","sticky":false,"template":"","format":"standard","meta":{"_links_to":"","_links_to_target":""},"categories":[8,1],"tags":[],"views":2194,"_links":{"self":[{"href":"https:\/\/www.brazilianpress.com\/v1\/wp-json\/wp\/v2\/posts\/2075"}],"collection":[{"href":"https:\/\/www.brazilianpress.com\/v1\/wp-json\/wp\/v2\/posts"}],"about":[{"href":"https:\/\/www.brazilianpress.com\/v1\/wp-json\/wp\/v2\/types\/post"}],"author":[{"embeddable":true,"href":"https:\/\/www.brazilianpress.com\/v1\/wp-json\/wp\/v2\/users\/1"}],"replies":[{"embeddable":true,"href":"https:\/\/www.brazilianpress.com\/v1\/wp-json\/wp\/v2\/comments?post=2075"}],"version-history":[{"count":1,"href":"https:\/\/www.brazilianpress.com\/v1\/wp-json\/wp\/v2\/posts\/2075\/revisions"}],"predecessor-version":[{"id":2078,"href":"https:\/\/www.brazilianpress.com\/v1\/wp-json\/wp\/v2\/posts\/2075\/revisions\/2078"}],"wp:featuredmedia":[{"embeddable":true,"href":"https:\/\/www.brazilianpress.com\/v1\/wp-json\/wp\/v2\/media\/2076"}],"wp:attachment":[{"href":"https:\/\/www.brazilianpress.com\/v1\/wp-json\/wp\/v2\/media?parent=2075"}],"wp:term":[{"taxonomy":"category","embeddable":true,"href":"https:\/\/www.brazilianpress.com\/v1\/wp-json\/wp\/v2\/categories?post=2075"},{"taxonomy":"post_tag","embeddable":true,"href":"https:\/\/www.brazilianpress.com\/v1\/wp-json\/wp\/v2\/tags?post=2075"}],"curies":[{"name":"wp","href":"https:\/\/api.w.org\/{rel}","templated":true}]}}