{"id":20781,"date":"2016-02-18T08:56:14","date_gmt":"2016-02-18T12:56:14","guid":{"rendered":"http:\/\/www.brazilianpress.com\/v1\/?p=20781"},"modified":"2016-02-25T09:13:32","modified_gmt":"2016-02-25T13:13:32","slug":"social-press-18022016","status":"publish","type":"post","link":"https:\/\/www.brazilianpress.com\/v1\/2016\/02\/18\/social-press-18022016\/","title":{"rendered":"Social Press . 18\/02\/2016"},"content":{"rendered":"<p><strong><em><img loading=\"lazy\" class=\"alignnone size-full wp-image-20767\" src=\"http:\/\/www.brazilianpress.com\/v1\/wp-content\/uploads\/2016\/02\/social-press-ed1771-20160218-1.jpg\" alt=\"social press ed1771 20160218 (1)\" width=\"450\" height=\"379\" srcset=\"https:\/\/www.brazilianpress.com\/v1\/wp-content\/uploads\/2016\/02\/social-press-ed1771-20160218-1.jpg 450w, https:\/\/www.brazilianpress.com\/v1\/wp-content\/uploads\/2016\/02\/social-press-ed1771-20160218-1-300x253.jpg 300w\" sizes=\"(max-width: 450px) 100vw, 450px\" \/><br \/>\nFrio Recorde: com a temperatura mais gelada em 100 anos, o fim de semana foi ideal para aventuras de ski. O tattoo artist Eduardo Soares \u201cThe Ink Empire\u201d, agarrou a fam\u00edlia e foi curtir a natureza.<\/em><\/strong><\/p>\n<p><strong><em><img loading=\"lazy\" class=\"alignnone size-full wp-image-20770\" src=\"http:\/\/www.brazilianpress.com\/v1\/wp-content\/uploads\/2016\/02\/social-press-ed1771-20160218-4.jpg\" alt=\"social press ed1771 20160218 (4)\" width=\"350\" height=\"467\" srcset=\"https:\/\/www.brazilianpress.com\/v1\/wp-content\/uploads\/2016\/02\/social-press-ed1771-20160218-4.jpg 350w, https:\/\/www.brazilianpress.com\/v1\/wp-content\/uploads\/2016\/02\/social-press-ed1771-20160218-4-225x300.jpg 225w\" sizes=\"(max-width: 350px) 100vw, 350px\" \/><br \/>\nForte abra\u00e7o ao Jornalista e Radialista angolano Jaime Molossande, em visita \u00e0 Igreja Adventista juntamente com a sua linda fam\u00edlia.<\/em><\/strong><\/p>\n<p><strong><em><img loading=\"lazy\" class=\"alignnone size-full wp-image-20771\" src=\"http:\/\/www.brazilianpress.com\/v1\/wp-content\/uploads\/2016\/02\/social-press-ed1771-20160218-5.jpg\" alt=\"social press ed1771 20160218 (5)\" width=\"400\" height=\"399\" srcset=\"https:\/\/www.brazilianpress.com\/v1\/wp-content\/uploads\/2016\/02\/social-press-ed1771-20160218-5.jpg 400w, https:\/\/www.brazilianpress.com\/v1\/wp-content\/uploads\/2016\/02\/social-press-ed1771-20160218-5-150x150.jpg 150w, https:\/\/www.brazilianpress.com\/v1\/wp-content\/uploads\/2016\/02\/social-press-ed1771-20160218-5-300x300.jpg 300w\" sizes=\"(max-width: 400px) 100vw, 400px\" \/><br \/>\nNossos Votos de muitas felicidades ao popular e amigo JUKA , Parab\u00e9ns!!<\/em><\/strong><!--more--><\/p>\n<p><strong><em><img loading=\"lazy\" class=\"alignnone size-full wp-image-20772\" src=\"http:\/\/www.brazilianpress.com\/v1\/wp-content\/uploads\/2016\/02\/social-press-ed1771-20160218-6.jpg\" alt=\"social press ed1771 20160218 (6)\" width=\"450\" height=\"338\" srcset=\"https:\/\/www.brazilianpress.com\/v1\/wp-content\/uploads\/2016\/02\/social-press-ed1771-20160218-6.jpg 450w, https:\/\/www.brazilianpress.com\/v1\/wp-content\/uploads\/2016\/02\/social-press-ed1771-20160218-6-300x225.jpg 300w\" sizes=\"(max-width: 450px) 100vw, 450px\" \/><br \/>\nA ga\u00facha L\u00facia (primeira \u00e0 esq.) reuniu amigos e tamb\u00e9m o rep\u00f3rter BP, Junior Schutt, para um delicioso almo\u00e7o e momentos de comunh\u00e3o em Cristo em sua resid\u00eancia s\u00e1bado passado.<\/em><\/strong><\/p>\n<p><strong><em><img loading=\"lazy\" class=\"alignnone size-full wp-image-20773\" src=\"http:\/\/www.brazilianpress.com\/v1\/wp-content\/uploads\/2016\/02\/social-press-ed1771-20160218-7.jpg\" alt=\"social press ed1771 20160218 (7)\" width=\"400\" height=\"400\" srcset=\"https:\/\/www.brazilianpress.com\/v1\/wp-content\/uploads\/2016\/02\/social-press-ed1771-20160218-7.jpg 400w, https:\/\/www.brazilianpress.com\/v1\/wp-content\/uploads\/2016\/02\/social-press-ed1771-20160218-7-150x150.jpg 150w, https:\/\/www.brazilianpress.com\/v1\/wp-content\/uploads\/2016\/02\/social-press-ed1771-20160218-7-300x300.jpg 300w\" sizes=\"(max-width: 400px) 100vw, 400px\" \/><br \/>\nJovens, lindos e esbanjando boa forma, os pombinhos Tha\u00eds Ribeiro e Breno Clara est\u00e3o aproveitando momentos de muita paix\u00e3o e planejando merecidas f\u00e9rias. Maravilha!<\/em><\/strong><\/p>\n<p><strong><em><img loading=\"lazy\" class=\"alignnone size-full wp-image-20774\" src=\"http:\/\/www.brazilianpress.com\/v1\/wp-content\/uploads\/2016\/02\/social-press-ed1771-20160218-8.jpg\" alt=\"social press ed1771 20160218 (8)\" width=\"450\" height=\"338\" srcset=\"https:\/\/www.brazilianpress.com\/v1\/wp-content\/uploads\/2016\/02\/social-press-ed1771-20160218-8.jpg 450w, https:\/\/www.brazilianpress.com\/v1\/wp-content\/uploads\/2016\/02\/social-press-ed1771-20160218-8-300x225.jpg 300w\" sizes=\"(max-width: 450px) 100vw, 450px\" \/><br \/>\nTalentosos e super afinados, os amigos Vitor e Dantas est\u00e3o se destacando como a nova dupla musical da regi\u00e3o. Eles animaram o Karaok\u00ea de Claudinho no Casa Nova quinta passada. Cool!<\/em><\/strong><\/p>\n<p><strong><em><img loading=\"lazy\" class=\"alignnone size-full wp-image-20775\" src=\"http:\/\/www.brazilianpress.com\/v1\/wp-content\/uploads\/2016\/02\/social-press-ed1771-20160218-9.jpg\" alt=\"social press ed1771 20160218 (9)\" width=\"400\" height=\"400\" srcset=\"https:\/\/www.brazilianpress.com\/v1\/wp-content\/uploads\/2016\/02\/social-press-ed1771-20160218-9.jpg 400w, https:\/\/www.brazilianpress.com\/v1\/wp-content\/uploads\/2016\/02\/social-press-ed1771-20160218-9-150x150.jpg 150w, https:\/\/www.brazilianpress.com\/v1\/wp-content\/uploads\/2016\/02\/social-press-ed1771-20160218-9-300x300.jpg 300w\" sizes=\"(max-width: 400px) 100vw, 400px\" \/><br \/>\nSuper linda e super gr\u00e1vida, a empres\u00e1ria Fernanda Diaz, reuniu a mam\u00e3e e os amigos Jean e Jackie, para o jantar de despedida do primo Ygor Nicolau. Sucesso e Tim-Tim!<\/em><\/strong><\/p>\n<p><strong><em><img loading=\"lazy\" class=\"alignnone size-full wp-image-20776\" src=\"http:\/\/www.brazilianpress.com\/v1\/wp-content\/uploads\/2016\/02\/social-press-ed1771-20160218-10.jpg\" alt=\"social press ed1771 20160218 (10)\" width=\"450\" height=\"338\" srcset=\"https:\/\/www.brazilianpress.com\/v1\/wp-content\/uploads\/2016\/02\/social-press-ed1771-20160218-10.jpg 450w, https:\/\/www.brazilianpress.com\/v1\/wp-content\/uploads\/2016\/02\/social-press-ed1771-20160218-10-300x225.jpg 300w\" sizes=\"(max-width: 450px) 100vw, 450px\" \/><br \/>\nO brasiliense Rogerio Azeredo, Nelia Queiroz e amigas, curtiram o calor humano do Karaok\u00ea de Rodrigo Costa no Bras\u00edlia Grill, aquecendo o restaurante pioneiro todas as quartas e quintas.<\/em><\/strong><\/p>\n<p><strong><em><img loading=\"lazy\" class=\"alignnone size-full wp-image-20777\" src=\"http:\/\/www.brazilianpress.com\/v1\/wp-content\/uploads\/2016\/02\/social-press-ed1771-20160218-11.jpg\" alt=\"social press ed1771 20160218 (11)\" width=\"450\" height=\"296\" srcset=\"https:\/\/www.brazilianpress.com\/v1\/wp-content\/uploads\/2016\/02\/social-press-ed1771-20160218-11.jpg 450w, https:\/\/www.brazilianpress.com\/v1\/wp-content\/uploads\/2016\/02\/social-press-ed1771-20160218-11-300x197.jpg 300w\" sizes=\"(max-width: 450px) 100vw, 450px\" \/><br \/>\nA empres\u00e1ria e promoter musical Marcilia Luzbet recebendo a dupla Fernando &amp; Sorocaba ao desembarcarem para o badalado show que fizeram em Newark s\u00e1bado passado.<\/em><\/strong><\/p>\n<p><strong><em><img loading=\"lazy\" class=\"alignnone size-full wp-image-20768\" src=\"http:\/\/www.brazilianpress.com\/v1\/wp-content\/uploads\/2016\/02\/social-press-ed1771-20160218-2.jpg\" alt=\"social press ed1771 20160218 (2)\" width=\"350\" height=\"525\" srcset=\"https:\/\/www.brazilianpress.com\/v1\/wp-content\/uploads\/2016\/02\/social-press-ed1771-20160218-2.jpg 350w, https:\/\/www.brazilianpress.com\/v1\/wp-content\/uploads\/2016\/02\/social-press-ed1771-20160218-2-200x300.jpg 200w\" sizes=\"(max-width: 350px) 100vw, 350px\" \/><br \/>\nHappy Birthday \u00e0 nossa linda amiga, Juliana Silva, modelo e atriz talentosa, que cumpre mais uma primavera neste fim de semana.<\/em><\/strong><\/p>\n<p><strong><em><img loading=\"lazy\" class=\"alignnone size-full wp-image-20769\" src=\"http:\/\/www.brazilianpress.com\/v1\/wp-content\/uploads\/2016\/02\/social-press-ed1771-20160218-3.jpg\" alt=\"social press ed1771 20160218 (3)\" width=\"450\" height=\"338\" srcset=\"https:\/\/www.brazilianpress.com\/v1\/wp-content\/uploads\/2016\/02\/social-press-ed1771-20160218-3.jpg 450w, https:\/\/www.brazilianpress.com\/v1\/wp-content\/uploads\/2016\/02\/social-press-ed1771-20160218-3-300x225.jpg 300w\" sizes=\"(max-width: 450px) 100vw, 450px\" \/><br \/>\nGreetings to our friend Elaine Garden, her husband and friends, very charming during their Valentines Celebration.\u00a0\u00a0<\/em><\/strong><\/p>\n","protected":false},"excerpt":{"rendered":"<p>Frio Recorde: com a temperatura mais gelada em 100 anos, o fim de semana foi ideal para aventuras de ski. O tattoo artist Eduardo Soares \u201cThe Ink Empire\u201d, agarrou a fam\u00edlia e foi curtir a natureza. Forte abra\u00e7o ao Jornalista e Radialista angolano Jaime Molossande, em visita \u00e0 Igreja Adventista juntamente com a sua linda fam\u00edlia. Nossos Votos de muitas felicidades ao popular e amigo JUKA , Parab\u00e9ns!!<\/p>\n","protected":false},"author":1,"featured_media":20767,"comment_status":"open","ping_status":"open","sticky":false,"template":"","format":"standard","meta":{"_links_to":"","_links_to_target":""},"categories":[4,19,1,6],"tags":[],"views":2988,"_links":{"self":[{"href":"https:\/\/www.brazilianpress.com\/v1\/wp-json\/wp\/v2\/posts\/20781"}],"collection":[{"href":"https:\/\/www.brazilianpress.com\/v1\/wp-json\/wp\/v2\/posts"}],"about":[{"href":"https:\/\/www.brazilianpress.com\/v1\/wp-json\/wp\/v2\/types\/post"}],"author":[{"embeddable":true,"href":"https:\/\/www.brazilianpress.com\/v1\/wp-json\/wp\/v2\/users\/1"}],"replies":[{"embeddable":true,"href":"https:\/\/www.brazilianpress.com\/v1\/wp-json\/wp\/v2\/comments?post=20781"}],"version-history":[{"count":1,"href":"https:\/\/www.brazilianpress.com\/v1\/wp-json\/wp\/v2\/posts\/20781\/revisions"}],"predecessor-version":[{"id":20783,"href":"https:\/\/www.brazilianpress.com\/v1\/wp-json\/wp\/v2\/posts\/20781\/revisions\/20783"}],"wp:featuredmedia":[{"embeddable":true,"href":"https:\/\/www.brazilianpress.com\/v1\/wp-json\/wp\/v2\/media\/20767"}],"wp:attachment":[{"href":"https:\/\/www.brazilianpress.com\/v1\/wp-json\/wp\/v2\/media?parent=20781"}],"wp:term":[{"taxonomy":"category","embeddable":true,"href":"https:\/\/www.brazilianpress.com\/v1\/wp-json\/wp\/v2\/categories?post=20781"},{"taxonomy":"post_tag","embeddable":true,"href":"https:\/\/www.brazilianpress.com\/v1\/wp-json\/wp\/v2\/tags?post=20781"}],"curies":[{"name":"wp","href":"https:\/\/api.w.org\/{rel}","templated":true}]}}