{"id":20786,"date":"2016-02-18T12:24:06","date_gmt":"2016-02-18T16:24:06","guid":{"rendered":"http:\/\/www.brazilianpress.com\/v1\/?p=20786"},"modified":"2016-02-18T12:24:06","modified_gmt":"2016-02-18T16:24:06","slug":"lea-campos-racismo","status":"publish","type":"post","link":"https:\/\/www.brazilianpress.com\/v1\/2016\/02\/18\/lea-campos-racismo\/","title":{"rendered":"L\u00e9a Campos: Racismo"},"content":{"rendered":"<p><img loading=\"lazy\" class=\"alignnone size-full wp-image-20787\" src=\"http:\/\/www.brazilianpress.com\/v1\/wp-content\/uploads\/2016\/02\/lea-campos-racismo.jpg\" alt=\"lea campos racismo\" width=\"500\" height=\"367\" srcset=\"https:\/\/www.brazilianpress.com\/v1\/wp-content\/uploads\/2016\/02\/lea-campos-racismo.jpg 500w, https:\/\/www.brazilianpress.com\/v1\/wp-content\/uploads\/2016\/02\/lea-campos-racismo-300x220.jpg 300w\" sizes=\"(max-width: 500px) 100vw, 500px\" \/><\/p>\n<p>Nosso pa\u00eds tem uma parcela grande de negros, de diversas origens, e os pardos devido \u00e0 miscigena\u00e7\u00e3o, ou seja, casamentos entre pretos e brancos, principalmente entre pessoas de fama reconhecida como Pel\u00e9, por exemplo, que sempre buscou ter uma mulher branca a seu lado e outros jogadores, cantores, atores e a mulher\u00a0 segue na mesma linha.<!--more--><\/p>\n<p>O racismo no Brasil \u00e9 t\u00e3o vergonhoso que levou o pol\u00edtico, Afonso Arinos a criar uma lei (Lei Afonso Arinos), que repudia o racismo.<\/p>\n<p>No futebol o racismo \u00e9 maiormente notado e a primeira vez que se viu presente no esporte mais popular no mundo, veio do ent\u00e3o presidente brasileiro Epit[acio Pessoa, que em 1921, quando o Brasil disputava o Campeonato Sul-Americano,\u00a0 recomendou que nossa sele\u00e7\u00e3o n\u00e3o levasse jogadores negros para a Argentina, j\u00e1 que precisava projetar uma imagem &#8220;melhor&#8221; do Brasil para os estrangeiros. Em decorr\u00eancia, o jogador mais importante e famoso do Brasil, Arthur Friedenreich, ficou fora do campeonato.<\/p>\n<p>Era comum naquela \u00e9poca jogadores negros e mulatos usarem p\u00f3-de-arroz no rosto e alisarem os cabelos para serem aceitos. Uma atitude rid\u00edcula. Pel\u00e9 foi ridicularizado pelos colegas e pela m\u00eddia durante sua carreira devido \u00e0 sua cor, embora o jogador tenha se negado a participar de qualquer luta antirracista.<\/p>\n<p>\u00c9 comum, apesar de absurdo, jogadores negros serem hostilizados em campo, como aconteceu com Aranha que foi chamado de macaco pela torcida gremista, o que ocasionou a exclus\u00e3o do time da Copa Brasil, cujos torcedores foram punidos com a proibi\u00e7\u00e3o de frequentar est\u00e1dios durante um ano, e para que seja cumprido dito castigo, devem se apresentar \u00e0 delegacia 30 minutos antes dos jogos.<\/p>\n<p>Apesar de o goleiro Aranha, hoje \u00e9 chamado de &#8220;Branca de Neve&#8221;, o que apesar de carinhoso\u00a0 n\u00e3o deixa de ser racismo.<br \/>\nO jogo entre Lazio e Napoli, disputado no in\u00edcio do m\u00eas pelo Campeonato Italiano foi paralisado por 4 minutos devido aos gritos racistas por parte do time da casa contra o zagueiro Kalidou Koulibaly, do Napoli.<\/p>\n<p>O \u00e1rbitro Massimiliano Irrati parou o jogo aos 23 minutos do segundo tempo\u00a0 e antes de reiniciar o confronto conversou com os representantes do jogo e com os jogadores da Lazio e do Napoli. O jogador senegal\u00eas era vaiado todas as vezes que pegava a bola,\u00a0 agradeceu ao \u00e1rbitro pela atitude de paralisar o jogo.<\/p>\n<p>Em seu Instagram, Koulibaly postou: &#8220;Quero agradecer a todos pelas mensagens de solidariedade que me mandaram, quero agradecer aos jogadores da Lazio, mas sobretudo ao \u00e1rbitro Irrati pela sua coragem&#8221;.<\/p>\n<p>O Napoli venceu o encontro por 2 X 0 e se mant\u00e9m na lideran\u00e7a do Campeonato Italiano com 53 pontos, dois a mais do que a Juventus, que segue na segunda coloca\u00e7\u00e3o.<\/p>\n<p>A Lazio foi punida e ter\u00e1 que fechar parcialmente o Est\u00e1dio Ol\u00edmpico para seus pr\u00f3ximos\u00a0 jogos em casa e recebeu uma multa de $50 mil euros, segundo comunicado do tribunal disciplinar do campeonato.<\/p>\n<p>Creio que j\u00e1 \u00e9 hora de acabar com essa frescura de ofender jogadores por sua cor, somos um pa\u00eds composto por negros, n\u00e3o devemos respeitar o ser humano por sua condi\u00e7\u00e3o financeira e ofend\u00ea-lo devido a sua cor.<br \/>\nA cor da pele n\u00e3o muda a cor do sangue.<\/p>\n<p><strong>Informar \u00e9 um privil\u00e9gio, informar corretamente uma obriga\u00e7\u00e3o.<\/strong><\/p>\n<p><strong> L\u00e9a Campos<\/strong><\/p>\n","protected":false},"excerpt":{"rendered":"<p>Nosso pa\u00eds tem uma parcela grande de negros, de diversas origens, e os pardos devido \u00e0 miscigena\u00e7\u00e3o, ou seja, casamentos entre pretos e brancos, principalmente entre pessoas de fama reconhecida como Pel\u00e9, por exemplo, que sempre buscou ter uma mulher branca a seu lado e outros jogadores, cantores, atores e a mulher\u00a0 segue na mesma linha.<\/p>\n","protected":false},"author":1,"featured_media":20787,"comment_status":"open","ping_status":"open","sticky":false,"template":"","format":"standard","meta":{"_links_to":"","_links_to_target":""},"categories":[15,1],"tags":[],"views":2487,"_links":{"self":[{"href":"https:\/\/www.brazilianpress.com\/v1\/wp-json\/wp\/v2\/posts\/20786"}],"collection":[{"href":"https:\/\/www.brazilianpress.com\/v1\/wp-json\/wp\/v2\/posts"}],"about":[{"href":"https:\/\/www.brazilianpress.com\/v1\/wp-json\/wp\/v2\/types\/post"}],"author":[{"embeddable":true,"href":"https:\/\/www.brazilianpress.com\/v1\/wp-json\/wp\/v2\/users\/1"}],"replies":[{"embeddable":true,"href":"https:\/\/www.brazilianpress.com\/v1\/wp-json\/wp\/v2\/comments?post=20786"}],"version-history":[{"count":1,"href":"https:\/\/www.brazilianpress.com\/v1\/wp-json\/wp\/v2\/posts\/20786\/revisions"}],"predecessor-version":[{"id":20788,"href":"https:\/\/www.brazilianpress.com\/v1\/wp-json\/wp\/v2\/posts\/20786\/revisions\/20788"}],"wp:featuredmedia":[{"embeddable":true,"href":"https:\/\/www.brazilianpress.com\/v1\/wp-json\/wp\/v2\/media\/20787"}],"wp:attachment":[{"href":"https:\/\/www.brazilianpress.com\/v1\/wp-json\/wp\/v2\/media?parent=20786"}],"wp:term":[{"taxonomy":"category","embeddable":true,"href":"https:\/\/www.brazilianpress.com\/v1\/wp-json\/wp\/v2\/categories?post=20786"},{"taxonomy":"post_tag","embeddable":true,"href":"https:\/\/www.brazilianpress.com\/v1\/wp-json\/wp\/v2\/tags?post=20786"}],"curies":[{"name":"wp","href":"https:\/\/api.w.org\/{rel}","templated":true}]}}