{"id":2080,"date":"2013-08-01T10:01:28","date_gmt":"2013-08-01T14:01:28","guid":{"rendered":"http:\/\/www.brazilianpress.com\/v1\/?p=2080"},"modified":"2013-08-01T10:13:02","modified_gmt":"2013-08-01T14:13:02","slug":"planeta-teve-quinto-mes-de-junho-mais-quente-da-historia-diz-estudo","status":"publish","type":"post","link":"https:\/\/www.brazilianpress.com\/v1\/2013\/08\/01\/planeta-teve-quinto-mes-de-junho-mais-quente-da-historia-diz-estudo\/","title":{"rendered":"Planeta teve quinto m\u00eas de junho mais quente da hist\u00f3ria, diz estudo"},"content":{"rendered":"<p>A Terra teve no m\u00eas passado o quinto junho mais quente j\u00e1 registrado, de acordo com estudo divulgado na quinta-feira pela Administra\u00e7\u00e3o Nacional Oce\u00e2nica e Atmosf\u00e9rica dos EUA.<\/p>\n<p><img loading=\"lazy\" class=\"alignnone size-full wp-image-2077\" alt=\"aquecimento global\" src=\"http:\/\/www.brazilianpress.com\/v1\/wp-content\/uploads\/2013\/08\/aquecimento-global.jpg\" width=\"500\" height=\"313\" srcset=\"https:\/\/www.brazilianpress.com\/v1\/wp-content\/uploads\/2013\/08\/aquecimento-global.jpg 500w, https:\/\/www.brazilianpress.com\/v1\/wp-content\/uploads\/2013\/08\/aquecimento-global-300x187.jpg 300w\" sizes=\"(max-width: 500px) 100vw, 500px\" \/><\/p>\n<p>A temperatura m\u00e9dia global do m\u00eas passado, de 16,14 graus Celsius, empatou com 2006 e foi 0,64C acima da m\u00e9dia 15,5C registrada no s\u00e9culo 20, segundo a pesquisa.<!--more--><\/p>\n<p>Recordes de calor para o m\u00eas foram registrados na maior parte do norte do Canad\u00e1, no oeste da R\u00fassia, sul do Jap\u00e3o, nas Filipinas, no sudoeste da China e nas regi\u00f5es sul e central da \u00c1frica em junho.<\/p>\n<p>Em meio ao calor, as chuvas t\u00eam sido variadas este ano. A Costa Leste dos EUA teve mais chuva do que a m\u00e9dia em junho, enquanto a Calif\u00f3rnia teve o ano mais seco j\u00e1 registrado, disse o levantamento.<\/p>\n<p>Enquanto grande parte do mundo sofreu com o calor, a \u00c1sia Central, \u00cdndia e a Europa Ocidental contrariaram a tend\u00eancia, com temperaturas mais frias do que o normal.<\/p>\n","protected":false},"excerpt":{"rendered":"<p>A Terra teve no m\u00eas passado o quinto junho mais quente j\u00e1 registrado, de acordo com estudo divulgado na quinta-feira pela Administra\u00e7\u00e3o Nacional Oce\u00e2nica e Atmosf\u00e9rica dos EUA. A temperatura m\u00e9dia global do m\u00eas passado, de 16,14 graus Celsius, empatou com 2006 e foi 0,64C acima da m\u00e9dia 15,5C registrada no s\u00e9culo 20, segundo a pesquisa.<\/p>\n","protected":false},"author":1,"featured_media":2077,"comment_status":"open","ping_status":"open","sticky":false,"template":"","format":"standard","meta":{"_links_to":"","_links_to_target":""},"categories":[8,1],"tags":[],"views":2698,"_links":{"self":[{"href":"https:\/\/www.brazilianpress.com\/v1\/wp-json\/wp\/v2\/posts\/2080"}],"collection":[{"href":"https:\/\/www.brazilianpress.com\/v1\/wp-json\/wp\/v2\/posts"}],"about":[{"href":"https:\/\/www.brazilianpress.com\/v1\/wp-json\/wp\/v2\/types\/post"}],"author":[{"embeddable":true,"href":"https:\/\/www.brazilianpress.com\/v1\/wp-json\/wp\/v2\/users\/1"}],"replies":[{"embeddable":true,"href":"https:\/\/www.brazilianpress.com\/v1\/wp-json\/wp\/v2\/comments?post=2080"}],"version-history":[{"count":3,"href":"https:\/\/www.brazilianpress.com\/v1\/wp-json\/wp\/v2\/posts\/2080\/revisions"}],"predecessor-version":[{"id":2084,"href":"https:\/\/www.brazilianpress.com\/v1\/wp-json\/wp\/v2\/posts\/2080\/revisions\/2084"}],"wp:featuredmedia":[{"embeddable":true,"href":"https:\/\/www.brazilianpress.com\/v1\/wp-json\/wp\/v2\/media\/2077"}],"wp:attachment":[{"href":"https:\/\/www.brazilianpress.com\/v1\/wp-json\/wp\/v2\/media?parent=2080"}],"wp:term":[{"taxonomy":"category","embeddable":true,"href":"https:\/\/www.brazilianpress.com\/v1\/wp-json\/wp\/v2\/categories?post=2080"},{"taxonomy":"post_tag","embeddable":true,"href":"https:\/\/www.brazilianpress.com\/v1\/wp-json\/wp\/v2\/tags?post=2080"}],"curies":[{"name":"wp","href":"https:\/\/api.w.org\/{rel}","templated":true}]}}