{"id":2085,"date":"2013-08-01T10:06:39","date_gmt":"2013-08-01T14:06:39","guid":{"rendered":"http:\/\/www.brazilianpress.com\/v1\/?p=2085"},"modified":"2013-08-01T10:06:39","modified_gmt":"2013-08-01T14:06:39","slug":"adiada-decisao-sobre-reajuste-do-seguro-desemprego","status":"publish","type":"post","link":"https:\/\/www.brazilianpress.com\/v1\/2013\/08\/01\/adiada-decisao-sobre-reajuste-do-seguro-desemprego\/","title":{"rendered":"Adiada decis\u00e3o sobre reajuste do seguro-desemprego"},"content":{"rendered":"<p><img loading=\"lazy\" class=\"alignright size-full wp-image-2087\" alt=\"carteira de trabalho\" src=\"http:\/\/www.brazilianpress.com\/v1\/wp-content\/uploads\/2013\/08\/carteira-de-trabalho.jpg\" width=\"300\" height=\"246\" \/>A decis\u00e3o sobre o reajuste do seguro-desemprego foi adiada, n\u00e3o tem data para acontecer, disse ontem (31) o ministro do Trabalho e Emprego, Manoel Dias. A reuni\u00e3o do Conselho Deliberativo do Fundo de Amparo ao Trabalhador (Codefat), que decidiria se o benef\u00edcio passaria a ser corrigido de acordo com o c\u00e1lculo usado para o sal\u00e1rio m\u00ednimo, estava marcada para esta quarta-feira. <!--more--><\/p>\n<p>Uma nova data dever\u00e1 ser fixada pelo presidente do conselho e secret\u00e1rio de Pol\u00edticas P\u00fablicas do minist\u00e9rio, S\u00e9rgio Vidigal. Segundo Manoel Dias, o motivo do adiamento da reuni\u00e3o do Codefat foi a necessidade de delibera\u00e7\u00e3o dos membros sobre a resolu\u00e7\u00e3o do conselho, que aprovar\u00e1 ou n\u00e3o o novo c\u00e1lculo. A assessoria de imprensa do minist\u00e9rio informou \u00e0 Ag\u00eancia Brasil que existe a possibilidade de a nova reuni\u00e3o ser marcada para o dia 15 de agosto.<\/p>\n<p>Na \u00faltima semana, o Minist\u00e9rio do Trabalho havia informado que\u00a0o reajuste estava acertado com o governo. Logo em seguida, o Minist\u00e9rio da Fazenda negou ter dado aval ao novo c\u00e1lculo, que aumentaria de 6,2% para 9% a corre\u00e7\u00e3o do seguro dos trabalhadores que ganham acima de um sal\u00e1rio m\u00ednimo (R$ 678). O ministro do Trabalho respondeu\u00a0dizendo que a mudan\u00e7a estava em negocia\u00e7\u00e3o.<\/p>\n<p>A\u00a0troca de percentual para o reajuste do seguro-desemprego, caso seja aprovada, ser\u00e1 um retorno ao c\u00e1lculo usado at\u00e9 janeiro deste ano, quando o benef\u00edcio passou a ser reajustado de acordo com o \u00cdndice Nacional de Pre\u00e7os ao Consumidor (INPC). O c\u00e1lculo era atrelado ao percentual de crescimento do Produto Interno Bruto (PIB) &#8211; assim como \u00e9 feito hoje com o sal\u00e1rio m\u00ednimo. A estimativa \u00e9 que o reajuste causaria um impacto de R$ 250 milh\u00f5es nos gastos at\u00e9 o fim do ano.<\/p>\n<p>De acordo com o Minist\u00e9rio do Trabalho, cerca de 50% dos trabalhadores que t\u00eam direito ao seguro-desemprego dever\u00e3o ser afetados pela medida. Atualmente, s\u00e3o gastos aproximadamente R$ 30 bilh\u00f5es por ano com o pagamento do benef\u00edcio.<\/p>\n","protected":false},"excerpt":{"rendered":"<p>A decis\u00e3o sobre o reajuste do seguro-desemprego foi adiada, n\u00e3o tem data para acontecer, disse ontem (31) o ministro do Trabalho e Emprego, Manoel Dias. A reuni\u00e3o do Conselho Deliberativo do Fundo de Amparo ao Trabalhador (Codefat), que decidiria se o benef\u00edcio passaria a ser corrigido de acordo com o c\u00e1lculo usado para o sal\u00e1rio m\u00ednimo, estava marcada para esta quarta-feira.<\/p>\n","protected":false},"author":1,"featured_media":2087,"comment_status":"open","ping_status":"open","sticky":false,"template":"","format":"standard","meta":{"_links_to":"","_links_to_target":""},"categories":[7,1],"tags":[],"views":2589,"_links":{"self":[{"href":"https:\/\/www.brazilianpress.com\/v1\/wp-json\/wp\/v2\/posts\/2085"}],"collection":[{"href":"https:\/\/www.brazilianpress.com\/v1\/wp-json\/wp\/v2\/posts"}],"about":[{"href":"https:\/\/www.brazilianpress.com\/v1\/wp-json\/wp\/v2\/types\/post"}],"author":[{"embeddable":true,"href":"https:\/\/www.brazilianpress.com\/v1\/wp-json\/wp\/v2\/users\/1"}],"replies":[{"embeddable":true,"href":"https:\/\/www.brazilianpress.com\/v1\/wp-json\/wp\/v2\/comments?post=2085"}],"version-history":[{"count":2,"href":"https:\/\/www.brazilianpress.com\/v1\/wp-json\/wp\/v2\/posts\/2085\/revisions"}],"predecessor-version":[{"id":2091,"href":"https:\/\/www.brazilianpress.com\/v1\/wp-json\/wp\/v2\/posts\/2085\/revisions\/2091"}],"wp:featuredmedia":[{"embeddable":true,"href":"https:\/\/www.brazilianpress.com\/v1\/wp-json\/wp\/v2\/media\/2087"}],"wp:attachment":[{"href":"https:\/\/www.brazilianpress.com\/v1\/wp-json\/wp\/v2\/media?parent=2085"}],"wp:term":[{"taxonomy":"category","embeddable":true,"href":"https:\/\/www.brazilianpress.com\/v1\/wp-json\/wp\/v2\/categories?post=2085"},{"taxonomy":"post_tag","embeddable":true,"href":"https:\/\/www.brazilianpress.com\/v1\/wp-json\/wp\/v2\/tags?post=2085"}],"curies":[{"name":"wp","href":"https:\/\/api.w.org\/{rel}","templated":true}]}}