{"id":2092,"date":"2013-08-01T10:09:09","date_gmt":"2013-08-01T14:09:09","guid":{"rendered":"http:\/\/www.brazilianpress.com\/v1\/?p=2092"},"modified":"2013-08-01T10:09:09","modified_gmt":"2013-08-01T14:09:09","slug":"manifestacao-contra-alckmin-termina-com-vandalismo-e-prisoes-em-sao-paulo","status":"publish","type":"post","link":"https:\/\/www.brazilianpress.com\/v1\/2013\/08\/01\/manifestacao-contra-alckmin-termina-com-vandalismo-e-prisoes-em-sao-paulo\/","title":{"rendered":"Manifesta\u00e7\u00e3o contra Alckmin termina com vandalismo e pris\u00f5es em S\u00e3o Paulo"},"content":{"rendered":"<p>A Pol\u00edcia Militar (PM) informou que 20 pessoas &#8211; cinco pela Rota e 15 pelo policiamento local &#8211; foram detidas na manifesta\u00e7\u00e3o que come\u00e7ou no Largo da Batata, na zona oeste de S\u00e3o Paulo, por volta das 18h desta ter\u00e7a-feira (30).<\/p>\n<p><img loading=\"lazy\" class=\"alignnone size-full wp-image-2088\" alt=\"PASSEATA \/ MEDICOS\" src=\"http:\/\/www.brazilianpress.com\/v1\/wp-content\/uploads\/2013\/08\/medicos-protesto-brasil.jpeg\" width=\"500\" height=\"333\" srcset=\"https:\/\/www.brazilianpress.com\/v1\/wp-content\/uploads\/2013\/08\/medicos-protesto-brasil.jpeg 500w, https:\/\/www.brazilianpress.com\/v1\/wp-content\/uploads\/2013\/08\/medicos-protesto-brasil-300x199.jpeg 300w\" sizes=\"(max-width: 500px) 100vw, 500px\" \/><\/p>\n<p>O grupo foi encaminhado ao 14\u00ba Distrito Policial, em Pinheiros, tamb\u00e9m na zona oeste, mas n\u00e3o foram informados os motivos das deten\u00e7\u00f5es. Segundo a PM, perto das 21h, os manifestantes come\u00e7avam a se dispersar na avenida Teodoro Sampaio, que pouco antes estava bloqueada junto \u00e0 avenida Dr. Arnaldo. Na Avenida Rebou\u00e7as, parte dos manifestantes quebrou vidros de pelo menos duas ag\u00eancias banc\u00e1ria e pichou carros ao invadir uma concession\u00e1ria.\u00a0<!--more--><\/p>\n<p>No final da tarde, cerca de 300 manifestantes interditaram a avenida Rebou\u00e7as, nos dois sentidos. A PM disse que o grupo se intitula como &#8220;Caras Pretas&#8221; e protesta contra o governador Geraldo Alckmin (PSDB) e em apoio \u00e0s manifesta\u00e7\u00f5es no Rio de Janeiro.<\/p>\n","protected":false},"excerpt":{"rendered":"<p>A Pol\u00edcia Militar (PM) informou que 20 pessoas &#8211; cinco pela Rota e 15 pelo policiamento local &#8211; foram detidas na manifesta\u00e7\u00e3o que come\u00e7ou no Largo da Batata, na zona oeste de S\u00e3o Paulo, por volta das 18h desta ter\u00e7a-feira (30). O grupo foi encaminhado ao 14\u00ba Distrito Policial, em Pinheiros, tamb\u00e9m na zona oeste, mas n\u00e3o foram informados os motivos das deten\u00e7\u00f5es. Segundo a PM, perto das 21h, os manifestantes come\u00e7avam a se dispersar na avenida Teodoro Sampaio, que pouco antes estava bloqueada junto \u00e0 avenida Dr. Arnaldo. Na Avenida Rebou\u00e7as, parte dos manifestantes quebrou vidros de pelo menos [&hellip;]<\/p>\n","protected":false},"author":1,"featured_media":2088,"comment_status":"open","ping_status":"open","sticky":false,"template":"","format":"standard","meta":{"_links_to":"","_links_to_target":""},"categories":[7,1],"tags":[],"views":2799,"_links":{"self":[{"href":"https:\/\/www.brazilianpress.com\/v1\/wp-json\/wp\/v2\/posts\/2092"}],"collection":[{"href":"https:\/\/www.brazilianpress.com\/v1\/wp-json\/wp\/v2\/posts"}],"about":[{"href":"https:\/\/www.brazilianpress.com\/v1\/wp-json\/wp\/v2\/types\/post"}],"author":[{"embeddable":true,"href":"https:\/\/www.brazilianpress.com\/v1\/wp-json\/wp\/v2\/users\/1"}],"replies":[{"embeddable":true,"href":"https:\/\/www.brazilianpress.com\/v1\/wp-json\/wp\/v2\/comments?post=2092"}],"version-history":[{"count":2,"href":"https:\/\/www.brazilianpress.com\/v1\/wp-json\/wp\/v2\/posts\/2092\/revisions"}],"predecessor-version":[{"id":2095,"href":"https:\/\/www.brazilianpress.com\/v1\/wp-json\/wp\/v2\/posts\/2092\/revisions\/2095"}],"wp:featuredmedia":[{"embeddable":true,"href":"https:\/\/www.brazilianpress.com\/v1\/wp-json\/wp\/v2\/media\/2088"}],"wp:attachment":[{"href":"https:\/\/www.brazilianpress.com\/v1\/wp-json\/wp\/v2\/media?parent=2092"}],"wp:term":[{"taxonomy":"category","embeddable":true,"href":"https:\/\/www.brazilianpress.com\/v1\/wp-json\/wp\/v2\/categories?post=2092"},{"taxonomy":"post_tag","embeddable":true,"href":"https:\/\/www.brazilianpress.com\/v1\/wp-json\/wp\/v2\/tags?post=2092"}],"curies":[{"name":"wp","href":"https:\/\/api.w.org\/{rel}","templated":true}]}}