{"id":2096,"date":"2013-08-01T10:12:07","date_gmt":"2013-08-01T14:12:07","guid":{"rendered":"http:\/\/www.brazilianpress.com\/v1\/?p=2096"},"modified":"2013-08-01T10:41:13","modified_gmt":"2013-08-01T14:41:13","slug":"tubulacao-se-rompe-e-alaga-avenida-no-rio-um-dia-apos-acidente-com-adutora-que-matou-uma-crianca","status":"publish","type":"post","link":"https:\/\/www.brazilianpress.com\/v1\/2013\/08\/01\/tubulacao-se-rompe-e-alaga-avenida-no-rio-um-dia-apos-acidente-com-adutora-que-matou-uma-crianca\/","title":{"rendered":"Tubula\u00e7\u00e3o se rompe e alaga avenida no Rio, um dia ap\u00f3s acidente com adutora que matou uma crian\u00e7a"},"content":{"rendered":"<p>Um dia depois do rompimento de uma adutora em Campo Grande, na zona oeste do Rio, que matou uma crian\u00e7a, uma tubula\u00e7\u00e3o de \u00e1gua se rompeu na manh\u00e3 de ontem (31), na Avenida Pastor Martin Luther King, na esquina com a Avenida Vicente de Carvalho, no bairro de Vicente de Carvalho, na zona norte da cidade. A tubula\u00e7\u00e3o pertence \u00e0 Companhia Estadual de \u00c1guas e Esgotos do Rio de Janeiro, a Cedae.<!--more--><\/p>\n<p><img loading=\"lazy\" class=\"alignnone size-full wp-image-2086\" alt=\"adutora rio\" src=\"http:\/\/www.brazilianpress.com\/v1\/wp-content\/uploads\/2013\/08\/adutora-rio.jpg\" width=\"500\" height=\"333\" srcset=\"https:\/\/www.brazilianpress.com\/v1\/wp-content\/uploads\/2013\/08\/adutora-rio.jpg 500w, https:\/\/www.brazilianpress.com\/v1\/wp-content\/uploads\/2013\/08\/adutora-rio-300x199.jpg 300w\" sizes=\"(max-width: 500px) 100vw, 500px\" \/><\/p>\n<p>No in\u00edcio da manh\u00e3, a avenida ficou alagada. Pedestres e motoristas ficaram ilhados. Na regi\u00e3o, h\u00e1 retroescavadeiras e m\u00e1quinas das obras da Transcarioca \u2013 avenida que far\u00e1 a liga\u00e7\u00e3o do aeroporto Tom Jobim ao Terminal Alvorada, na Barra da Tijuca. A Cedae informou \u00e0 Ag\u00eancia Brasil que a tubula\u00e7\u00e3o foi atingida por uma retroescavadeira por volta das 6h.<\/p>\n<p>Por meio de nota, a Secretaria Municipal de Obras confirmou que o rompimento da tubula\u00e7\u00e3o se deu acidentalmente na obra da Transcarioca, que \u00e9 executada pela construtora Andrade Gutierrez.<\/p>\n<p>A Cedae informou ainda que h\u00e1 uma equipe no local para fazer os reparos. Mas n\u00e3o h\u00e1 previs\u00e3o para a conclus\u00e3o das atividades. A assessoria disse que um grande po\u00e7a de \u00e1gua se formou no local, mas aparentemente n\u00e3o h\u00e1 danos mais graves.\u00a0 A Avenida Vicente de Carvalho foi interditada momentaneamente e o tr\u00e1fego da regi\u00e3o est\u00e1 sendo desviado. A Avenida Pastor Martin Luther King \u00e9 uma das principais refer\u00eancias da zona norte do Rio.<\/p>\n<p>Na ter\u00e7a-feira (30) o rompimento de uma adutora, tamb\u00e9m da Cedae, em Campo Grande provocou a morte de Isabella Severo da Silva, de 3 anos. A crian\u00e7a foi enterrada ontem (31). Dados da Defesa Civil do Rio estimam que mais de 140 pessoas tiveram suas casas atingidas pelo acidente.<\/p>\n","protected":false},"excerpt":{"rendered":"<p>Um dia depois do rompimento de uma adutora em Campo Grande, na zona oeste do Rio, que matou uma crian\u00e7a, uma tubula\u00e7\u00e3o de \u00e1gua se rompeu na manh\u00e3 de ontem (31), na Avenida Pastor Martin Luther King, na esquina com a Avenida Vicente de Carvalho, no bairro de Vicente de Carvalho, na zona norte da cidade. A tubula\u00e7\u00e3o pertence \u00e0 Companhia Estadual de \u00c1guas e Esgotos do Rio de Janeiro, a Cedae.<\/p>\n","protected":false},"author":1,"featured_media":2086,"comment_status":"open","ping_status":"open","sticky":false,"template":"","format":"standard","meta":{"_links_to":"","_links_to_target":""},"categories":[7,1],"tags":[],"views":2320,"_links":{"self":[{"href":"https:\/\/www.brazilianpress.com\/v1\/wp-json\/wp\/v2\/posts\/2096"}],"collection":[{"href":"https:\/\/www.brazilianpress.com\/v1\/wp-json\/wp\/v2\/posts"}],"about":[{"href":"https:\/\/www.brazilianpress.com\/v1\/wp-json\/wp\/v2\/types\/post"}],"author":[{"embeddable":true,"href":"https:\/\/www.brazilianpress.com\/v1\/wp-json\/wp\/v2\/users\/1"}],"replies":[{"embeddable":true,"href":"https:\/\/www.brazilianpress.com\/v1\/wp-json\/wp\/v2\/comments?post=2096"}],"version-history":[{"count":2,"href":"https:\/\/www.brazilianpress.com\/v1\/wp-json\/wp\/v2\/posts\/2096\/revisions"}],"predecessor-version":[{"id":2135,"href":"https:\/\/www.brazilianpress.com\/v1\/wp-json\/wp\/v2\/posts\/2096\/revisions\/2135"}],"wp:featuredmedia":[{"embeddable":true,"href":"https:\/\/www.brazilianpress.com\/v1\/wp-json\/wp\/v2\/media\/2086"}],"wp:attachment":[{"href":"https:\/\/www.brazilianpress.com\/v1\/wp-json\/wp\/v2\/media?parent=2096"}],"wp:term":[{"taxonomy":"category","embeddable":true,"href":"https:\/\/www.brazilianpress.com\/v1\/wp-json\/wp\/v2\/categories?post=2096"},{"taxonomy":"post_tag","embeddable":true,"href":"https:\/\/www.brazilianpress.com\/v1\/wp-json\/wp\/v2\/tags?post=2096"}],"curies":[{"name":"wp","href":"https:\/\/api.w.org\/{rel}","templated":true}]}}