{"id":2100,"date":"2013-08-01T10:17:12","date_gmt":"2013-08-01T14:17:12","guid":{"rendered":"http:\/\/www.brazilianpress.com\/v1\/?p=2100"},"modified":"2013-08-01T10:17:12","modified_gmt":"2013-08-01T14:17:12","slug":"especialista-em-automaquiagem-oferece-curso-no-ironbound","status":"publish","type":"post","link":"https:\/\/www.brazilianpress.com\/v1\/2013\/08\/01\/especialista-em-automaquiagem-oferece-curso-no-ironbound\/","title":{"rendered":"Especialista em automaquiagem oferece curso no Ironbound"},"content":{"rendered":"<p><b><i>Junior Schutt<\/i><\/b><\/p>\n<p>A profissional Magali Sant\u2019Anna, especializada na \u00e1rea de maquiagem, j\u00e1 instruiu e preparou v\u00e1rias pessoas na \u00e1rea da est\u00e9tica e agora est\u00e1 preparando uma nova turma para iniciar o M\u00f3dulo 2013. Natural de Campo Grande, no estado do Mato Grosso do Sul, Magali despertou seu talento para as artes desde crian\u00e7a quando era bailarina, proporcionando a ela os primeiros contatos com as v\u00e1rias formas de express\u00e3o art\u00edstica.<!--more--><\/p>\n<p><img loading=\"lazy\" class=\"alignnone size-full wp-image-2101\" alt=\"curso\" src=\"http:\/\/www.brazilianpress.com\/v1\/wp-content\/uploads\/2013\/08\/curso.jpg\" width=\"500\" height=\"364\" srcset=\"https:\/\/www.brazilianpress.com\/v1\/wp-content\/uploads\/2013\/08\/curso.jpg 500w, https:\/\/www.brazilianpress.com\/v1\/wp-content\/uploads\/2013\/08\/curso-300x218.jpg 300w\" sizes=\"(max-width: 500px) 100vw, 500px\" \/><\/p>\n<p>Durante toda a vida ela esteve ao lado de pessoas, ajudando-as na cria\u00e7\u00e3o da beleza, roupa e tratamento do cabelo. Logo depois, ela descobriu uma nova paix\u00e3o: os pinc\u00e9is. Inicialmente com madeira, telas e tecidos e consequentemente com o rosto, segundo ela, \u201ca tela mais preciosa, por ter alma\u201d. Ap\u00f3s especializar-se com cursos presenciais e virtuais e v\u00e1rios workshops em S\u00e3o Paulo, Rio de Janeiro e New York, Magali montou seu pr\u00f3prio est\u00fadio com o objetivo de trabalhar com cria\u00e7\u00e3o de imagens para fotos, passarela e v\u00eddeos, ampliar o horizonte art\u00edstico para al\u00e9m da maquiagem social, transformar e criar personagens atrav\u00e9s de imagens comuns, de qualquer tipo de rosto e qualquer idade.<\/p>\n<p>A automaquiagem eleva a auto-estima e ajuda a redescobrir a beleza. O Curso no Ironbound est\u00e1 programado para o in\u00edcio deste m\u00eas. Para informa\u00e7\u00f5es e inscri\u00e7\u00f5es contatar Maria Paula pelo telefone (973)289-1525. Informa\u00e7\u00f5es sobre a instrutora podem ser encontradas em sua p\u00e1gina no Facebook, Studio Magali Sant\u2019Anna- Maquiagem Profissional, ou pelos telefones 55(67)-9923-4102 ou 55(67)3026-4985.<\/p>\n","protected":false},"excerpt":{"rendered":"<p>Junior Schutt A profissional Magali Sant\u2019Anna, especializada na \u00e1rea de maquiagem, j\u00e1 instruiu e preparou v\u00e1rias pessoas na \u00e1rea da est\u00e9tica e agora est\u00e1 preparando uma nova turma para iniciar o M\u00f3dulo 2013. Natural de Campo Grande, no estado do Mato Grosso do Sul, Magali despertou seu talento para as artes desde crian\u00e7a quando era bailarina, proporcionando a ela os primeiros contatos com as v\u00e1rias formas de express\u00e3o art\u00edstica.<\/p>\n","protected":false},"author":1,"featured_media":2101,"comment_status":"open","ping_status":"open","sticky":false,"template":"","format":"standard","meta":{"_links_to":"","_links_to_target":""},"categories":[4,1],"tags":[],"views":2550,"_links":{"self":[{"href":"https:\/\/www.brazilianpress.com\/v1\/wp-json\/wp\/v2\/posts\/2100"}],"collection":[{"href":"https:\/\/www.brazilianpress.com\/v1\/wp-json\/wp\/v2\/posts"}],"about":[{"href":"https:\/\/www.brazilianpress.com\/v1\/wp-json\/wp\/v2\/types\/post"}],"author":[{"embeddable":true,"href":"https:\/\/www.brazilianpress.com\/v1\/wp-json\/wp\/v2\/users\/1"}],"replies":[{"embeddable":true,"href":"https:\/\/www.brazilianpress.com\/v1\/wp-json\/wp\/v2\/comments?post=2100"}],"version-history":[{"count":1,"href":"https:\/\/www.brazilianpress.com\/v1\/wp-json\/wp\/v2\/posts\/2100\/revisions"}],"predecessor-version":[{"id":2102,"href":"https:\/\/www.brazilianpress.com\/v1\/wp-json\/wp\/v2\/posts\/2100\/revisions\/2102"}],"wp:featuredmedia":[{"embeddable":true,"href":"https:\/\/www.brazilianpress.com\/v1\/wp-json\/wp\/v2\/media\/2101"}],"wp:attachment":[{"href":"https:\/\/www.brazilianpress.com\/v1\/wp-json\/wp\/v2\/media?parent=2100"}],"wp:term":[{"taxonomy":"category","embeddable":true,"href":"https:\/\/www.brazilianpress.com\/v1\/wp-json\/wp\/v2\/categories?post=2100"},{"taxonomy":"post_tag","embeddable":true,"href":"https:\/\/www.brazilianpress.com\/v1\/wp-json\/wp\/v2\/tags?post=2100"}],"curies":[{"name":"wp","href":"https:\/\/api.w.org\/{rel}","templated":true}]}}