{"id":2104,"date":"2013-08-01T10:19:27","date_gmt":"2013-08-01T14:19:27","guid":{"rendered":"http:\/\/www.brazilianpress.com\/v1\/?p=2104"},"modified":"2013-08-01T10:19:27","modified_gmt":"2013-08-01T14:19:27","slug":"grande-programacao-para-a-abertura-do-riverfront-park-no-ironbound","status":"publish","type":"post","link":"https:\/\/www.brazilianpress.com\/v1\/2013\/08\/01\/grande-programacao-para-a-abertura-do-riverfront-park-no-ironbound\/","title":{"rendered":"Grande programa\u00e7\u00e3o para a abertura do Riverfront Park no Ironbound"},"content":{"rendered":"<p><b>Roger Costa<\/b><\/p>\n<p><b><\/b>O vereador do Bairro Leste, Augusto Amador e as autoridades da Cidade de Newark, convidam toda a comunidade para participar das celebra\u00e7\u00f5es de inaugura\u00e7\u00e3o do Riverfront Park, o novo espa\u00e7o de lazer e atividades culturais no Ironbound, cora\u00e7\u00e3o de Newark. <!--more--><\/p>\n<p><img loading=\"lazy\" class=\"alignnone size-full wp-image-2105\" alt=\"parque\" src=\"http:\/\/www.brazilianpress.com\/v1\/wp-content\/uploads\/2013\/08\/parque.jpg\" width=\"500\" height=\"364\" srcset=\"https:\/\/www.brazilianpress.com\/v1\/wp-content\/uploads\/2013\/08\/parque.jpg 500w, https:\/\/www.brazilianpress.com\/v1\/wp-content\/uploads\/2013\/08\/parque-300x218.jpg 300w\" sizes=\"(max-width: 500px) 100vw, 500px\" \/><\/p>\n<p>A programa\u00e7\u00e3o inicia-se \u00e0s 9h30 da manh\u00e3 deste s\u00e1bado, 3 de agosto, no City Hall, onde acontecer\u00e1 o an\u00fancio oficial de abertura e logo depois os participantes poder\u00e3o caminhar ou pedalar de bicicleta at\u00e9 a entrada do Parque, localizada na Van Buren Street com Raymond Blvd, juntamente com as autoridades envolvidas na organiza\u00e7\u00e3o e cria\u00e7\u00e3o deste projeto para a concentra\u00e7\u00e3o das atividades.<\/p>\n<p>As festividades contam com a colabora\u00e7\u00e3o de integrantes da comunidade, al\u00e9m de comerciantes, oferecendo uma corrida de bicicletas, desfile de barcos \u00e0s margens do Rio Passaic, barracas com comidas e bebidas, pr\u00eamios, brindes, m\u00fasica, jogos e muito mais. Participe desta iniciativa importante para a nossa comunidade, trazendo lazer em um espa\u00e7o aconchegante para melhor servir as fam\u00edlias do Ironbound. Para maiores detalhes, compare\u00e7a ao Little City Hall, 113 Monroe Street, ou ligue (973)733-3665 ou (973)733-5309.<\/p>\n","protected":false},"excerpt":{"rendered":"<p>Roger Costa O vereador do Bairro Leste, Augusto Amador e as autoridades da Cidade de Newark, convidam toda a comunidade para participar das celebra\u00e7\u00f5es de inaugura\u00e7\u00e3o do Riverfront Park, o novo espa\u00e7o de lazer e atividades culturais no Ironbound, cora\u00e7\u00e3o de Newark.<\/p>\n","protected":false},"author":1,"featured_media":2105,"comment_status":"open","ping_status":"open","sticky":false,"template":"","format":"standard","meta":{"_links_to":"","_links_to_target":""},"categories":[4,1],"tags":[],"views":2425,"_links":{"self":[{"href":"https:\/\/www.brazilianpress.com\/v1\/wp-json\/wp\/v2\/posts\/2104"}],"collection":[{"href":"https:\/\/www.brazilianpress.com\/v1\/wp-json\/wp\/v2\/posts"}],"about":[{"href":"https:\/\/www.brazilianpress.com\/v1\/wp-json\/wp\/v2\/types\/post"}],"author":[{"embeddable":true,"href":"https:\/\/www.brazilianpress.com\/v1\/wp-json\/wp\/v2\/users\/1"}],"replies":[{"embeddable":true,"href":"https:\/\/www.brazilianpress.com\/v1\/wp-json\/wp\/v2\/comments?post=2104"}],"version-history":[{"count":1,"href":"https:\/\/www.brazilianpress.com\/v1\/wp-json\/wp\/v2\/posts\/2104\/revisions"}],"predecessor-version":[{"id":2106,"href":"https:\/\/www.brazilianpress.com\/v1\/wp-json\/wp\/v2\/posts\/2104\/revisions\/2106"}],"wp:featuredmedia":[{"embeddable":true,"href":"https:\/\/www.brazilianpress.com\/v1\/wp-json\/wp\/v2\/media\/2105"}],"wp:attachment":[{"href":"https:\/\/www.brazilianpress.com\/v1\/wp-json\/wp\/v2\/media?parent=2104"}],"wp:term":[{"taxonomy":"category","embeddable":true,"href":"https:\/\/www.brazilianpress.com\/v1\/wp-json\/wp\/v2\/categories?post=2104"},{"taxonomy":"post_tag","embeddable":true,"href":"https:\/\/www.brazilianpress.com\/v1\/wp-json\/wp\/v2\/tags?post=2104"}],"curies":[{"name":"wp","href":"https:\/\/api.w.org\/{rel}","templated":true}]}}