{"id":2144,"date":"2013-08-03T16:35:15","date_gmt":"2013-08-03T20:35:15","guid":{"rendered":"http:\/\/www.brazilianpress.com\/v1\/?p=2144"},"modified":"2013-08-08T07:02:47","modified_gmt":"2013-08-08T11:02:47","slug":"rever-front-park-e-inaugurado-em-grande-estilo-em-newark","status":"publish","type":"post","link":"https:\/\/www.brazilianpress.com\/v1\/2013\/08\/03\/rever-front-park-e-inaugurado-em-grande-estilo-em-newark\/","title":{"rendered":"Riverfront Park \u00e9 inaugurado em grande estilo, em Newark"},"content":{"rendered":"<p><a href=\"http:\/\/www.brazilianpress.com\/v1\/wp-content\/uploads\/2013\/08\/rever-front-park.jpg\" class=\"gallery_colorbox\"><img class=\"alignnone  wp-image-2145\" alt=\"rever front park\" src=\"http:\/\/www.brazilianpress.com\/v1\/wp-content\/uploads\/2013\/08\/rever-front-park.jpg\"  width=\"500\" srcset=\"https:\/\/www.brazilianpress.com\/v1\/wp-content\/uploads\/2013\/08\/rever-front-park.jpg 600w, https:\/\/www.brazilianpress.com\/v1\/wp-content\/uploads\/2013\/08\/rever-front-park-300x225.jpg 300w\" sizes=\"(max-width: 600px) 100vw, 600px\" \/><\/a><\/p>\n<p><strong>Neste s\u00e1bado, dia 3 de Agosto, Rever Front Park \u00e9 inaugurado em grande estilo em Newark. Evento contou com a presen\u00e7a de autoridades, da imprensa e da popula\u00e7\u00e3o. <a href=\"http:\/\/www.brazilianpress.com\/eventos\/index.html\" target=\"_blank\">Clique Aqui<\/a> <span style=\"color: #993300;\">para ver as fotos do evento.<\/span><\/strong><\/p>\n","protected":false},"excerpt":{"rendered":"<p>Neste s\u00e1bado, dia 3 de Agosto, Rever Front Park \u00e9 inaugurado em grande estilo em Newark. Evento contou com a presen\u00e7a de autoridades, da imprensa e da popula\u00e7\u00e3o. Clique Aqui para ver as fotos do evento.<\/p>\n","protected":false},"author":1,"featured_media":2145,"comment_status":"open","ping_status":"open","sticky":false,"template":"","format":"standard","meta":{"_links_to":"","_links_to_target":""},"categories":[4,1],"tags":[],"views":2193,"_links":{"self":[{"href":"https:\/\/www.brazilianpress.com\/v1\/wp-json\/wp\/v2\/posts\/2144"}],"collection":[{"href":"https:\/\/www.brazilianpress.com\/v1\/wp-json\/wp\/v2\/posts"}],"about":[{"href":"https:\/\/www.brazilianpress.com\/v1\/wp-json\/wp\/v2\/types\/post"}],"author":[{"embeddable":true,"href":"https:\/\/www.brazilianpress.com\/v1\/wp-json\/wp\/v2\/users\/1"}],"replies":[{"embeddable":true,"href":"https:\/\/www.brazilianpress.com\/v1\/wp-json\/wp\/v2\/comments?post=2144"}],"version-history":[{"count":4,"href":"https:\/\/www.brazilianpress.com\/v1\/wp-json\/wp\/v2\/posts\/2144\/revisions"}],"predecessor-version":[{"id":2225,"href":"https:\/\/www.brazilianpress.com\/v1\/wp-json\/wp\/v2\/posts\/2144\/revisions\/2225"}],"wp:featuredmedia":[{"embeddable":true,"href":"https:\/\/www.brazilianpress.com\/v1\/wp-json\/wp\/v2\/media\/2145"}],"wp:attachment":[{"href":"https:\/\/www.brazilianpress.com\/v1\/wp-json\/wp\/v2\/media?parent=2144"}],"wp:term":[{"taxonomy":"category","embeddable":true,"href":"https:\/\/www.brazilianpress.com\/v1\/wp-json\/wp\/v2\/categories?post=2144"},{"taxonomy":"post_tag","embeddable":true,"href":"https:\/\/www.brazilianpress.com\/v1\/wp-json\/wp\/v2\/tags?post=2144"}],"curies":[{"name":"wp","href":"https:\/\/api.w.org\/{rel}","templated":true}]}}