{"id":2151,"date":"2013-08-07T06:11:36","date_gmt":"2013-08-07T10:11:36","guid":{"rendered":"http:\/\/www.brazilianpress.com\/v1\/?p=2151"},"modified":"2013-08-15T05:12:38","modified_gmt":"2013-08-15T09:12:38","slug":"entrevista-exclusiva-com-a-super-estrela-ivete-sangalo","status":"publish","type":"post","link":"https:\/\/www.brazilianpress.com\/v1\/2013\/08\/07\/entrevista-exclusiva-com-a-super-estrela-ivete-sangalo\/","title":{"rendered":"Entrevista exclusiva com a super estrela Ivete Sangalo"},"content":{"rendered":"<p><strong>Roger Costa<\/strong><\/p>\n<p>A cantora Ivete Sangalo dispensa apresenta\u00e7\u00f5es. Ao longo de seus 20 anos de carreira, a artista baiana, nascida em Juazeiro, conseguiu virar s\u00edmbolo da cultura brasileira, \u00edcone da M\u00fasica Popular e personalidade que representa o Alto-Astral de nosso pa\u00eds por onde quer que ela passe. Ivete j\u00e1 vendeu mais de 6 milh\u00f5es de c\u00f3pias de discos e agora prepara-se para trazer sua nova turn\u00ea, que leva o t\u00edtulo de seu \u00faltimo album \u201cReal Fantasia\u201d para terras norte-americanas. A turn\u00ea que come\u00e7a dia 9, e passa por 5 cidades, incluindo Newark-NJ, promete ser o grande espet\u00e1culo musical do ano, e esse atributo \u00e9 totalmente da artista, que vem firmando-se como completa e \u00fanica. Em entrevista exclusiva para o Press, ela contou sobre os preparativos, a expectativa e deu tamb\u00e9m uma li\u00e7\u00e3o de simplicidade e compromisso com o p\u00fablico.<!--more--><\/p>\n<p><img class=\"alignnone  wp-image-2152\" alt=\"ivete sangalo (2)\" src=\"http:\/\/www.brazilianpress.com\/v1\/wp-content\/uploads\/2013\/08\/ivete-sangalo-2.jpg\" width=\"500\" srcset=\"https:\/\/www.brazilianpress.com\/v1\/wp-content\/uploads\/2013\/08\/ivete-sangalo-2.jpg 600w, https:\/\/www.brazilianpress.com\/v1\/wp-content\/uploads\/2013\/08\/ivete-sangalo-2-300x193.jpg 300w\" sizes=\"(max-width: 600px) 100vw, 600px\" \/><\/p>\n<p><strong>**Como est\u00e3o os preparativos para a Turn\u00ea Americana?<\/strong><\/p>\n<p>&#8211; Est\u00e1\u00a0tudo perfeito, existe muita expectativa \u00e9\u00a0claro, em parte do p\u00fablico no estrangeiro, e tamb\u00e9m por muitas pessoas daqui que est\u00e3o mobilizando-se para ir pro States, acompanhar a turn\u00ea, expectativa tamb\u00e9m de estar nas cidades onde nunca estive antes, vai ser um show de muito sucesso, j\u00e1 est\u00e1 tudo ensaiado, pra dar tudo que o p\u00fablico tem direito, dan\u00e7ar, se emocionar, chorar, rir, se acabar!<\/p>\n<p><strong>\u00a0**Voc\u00ea\u00a0\u00e9\u00a0uma estrela, uma diva reconhecida no Brasil e agora no mundo, por sinal algumas revistas j\u00e1 citam que voc\u00ea \u00e9 capaz de lotar est\u00e1dios at\u00e9 mesmo fora do Brasil. Todas as idades, todas as ra\u00e7as tem em voc\u00ea uma refer\u00eancia da Alegria Brasileira. Como voc\u00ea encara essa responsabilidade de representar um pa\u00eds atrav\u00e9s da Alegria que sua m\u00fasica proporciona?<\/strong><\/p>\n<p>&#8211; Primeiro muito obrigado pelos elogios, recebo com muito carinho. Mas devo lhe dizer, que n\u00e3o encaro como reponsabiliadde, eu acho que o que me trouxe at\u00e9 aqui nesses 20 anos de carreira, \u00e9 a alegria, a for\u00e7a, o que a m\u00fasica me d\u00e1 de poder, al\u00e9m de ser uma entertainer, que se diverte no palco, com a m\u00fasica, encaro isso como um prazer extra em minha vida. O fato de dizerem que posso lotar os est\u00e1dios, s\u00e3o consequ\u00eancias deste comportamento. Vejo isso como algo que eu possa usufluir. E inclusive tenho certeza que da\u00ed dos States v\u00e3o surgir coisas maravilhosas para a prepara\u00e7\u00e3o do meu DVD que vou gravar na Bahia.<\/p>\n<p><strong>**\u00a0O que \u00e9 o novo album?<\/strong><\/p>\n<p>&#8211; O Real Fantasia, \u00e9\u00a0um disco que eu fiz como de costume, vou pro est\u00fadio, fa\u00e7o alguns arranjos, componho, vou escolhendo, aquilo vai acontecendo na hora, nada premeditado. A m\u00fasica determina muito o que vai acontecer no disco. \u00c9 a m\u00fasica que manda, e eu vou sendo dominada por aquilo, e vou junto. \u00c9 um disco muito festivo, muito latino, muito Carnaval, tem muito de mim, do que sou, do que eu fa\u00e7o, interpretar e dan\u00e7ar. E tem um lado rom\u00e2ntico intenso tamb\u00e9m, \u00e9 tipo uma s\u00edntese das coisas que costumo fazer, bem feliz.<\/p>\n<p><strong>**\u00a0Como foi a concep\u00e7\u00e3o, o estilo, as surpresas pro novo show?<\/strong><\/p>\n<p>&#8211; Sou muito criteriosa com o papel da m\u00fasica, minha banda \u00e9\u00a0 gigantesca, bailarinos, usamos proje\u00e7\u00f5es de acordo com cada m\u00fasica, tem o tel\u00e3o\u00a0ao vivo, de vibra\u00e7\u00e3o musical, muitos figurinos, estou criando um novo figurino para os Estados Unidos, o primeiro \u00e9 um macac\u00e3o que faz alus\u00e3o a capa do disco, e o outro \u00e9 um vestido negro, meio sensual, mas o maior espet\u00e1culo \u00e9 a m\u00fasica, a for\u00e7a est\u00e1 toda na quest\u00e3o musical.<\/p>\n<p><img loading=\"lazy\" class=\"alignnone size-full wp-image-2123\" alt=\"ivete sangalo tour eua 2013\" src=\"http:\/\/www.brazilianpress.com\/v1\/wp-content\/uploads\/2013\/08\/ivete-sangalo-tour-eua-2013.jpg\" width=\"500\" height=\"303\" srcset=\"https:\/\/www.brazilianpress.com\/v1\/wp-content\/uploads\/2013\/08\/ivete-sangalo-tour-eua-2013.jpg 500w, https:\/\/www.brazilianpress.com\/v1\/wp-content\/uploads\/2013\/08\/ivete-sangalo-tour-eua-2013-300x181.jpg 300w\" sizes=\"(max-width: 500px) 100vw, 500px\" \/><\/p>\n<p><strong>**\u00a020 anos de carreira. Tem, algum momento que marcou, que voc\u00ea pense at\u00e9 hoje, que te traga nostalgia ou emoc\u00e3o?<\/strong><\/p>\n<p>&#8211; Tenho um sentimento de recome\u00e7o constante, e acho que a palavra nostalgia n\u00e3o entra na carreira, na vida pessoal ave maria, sim sou bastante nost\u00e1lgica. Mas na carreira sou t\u00e3o din\u00e2mica, ativa, n\u00e3o h\u00e1 espa\u00e7o para nostalgia. E s\u00e3o tantos momentos maravilhosos, que seria irresponsabiliadde minha pontuar um \u00fanico momento, eu coleciono todos estes momentos a cada show, a Fonte Nova, o Maracan\u00e3, o Madison, encontro com Beth\u00e2nia, Brown, Gil, encontro com meus f\u00e3s, o povo cantando as m\u00fasicas. \u00c9 uma cole\u00e7\u00e3o de momentos maravilhosos. Tanta coisa massa! Depende muito do dia, do lugar, mas cada show eu coleciono um momento diferente.<\/p>\n<p><strong>**\u00a0O que vem a cabe\u00e7a quando voc\u00ea ouve, \u201cIvete: do Brasil para o Mundo\u201d?<\/strong><\/p>\n<p>&#8211; Eu penso em Vit\u00f3ria. Sou do Juazeiro, sou da Bahia, sou Nordestina, sou brasileira, isso tudo tem um peso muito grande pra mim, levar pro mundo uma coisa t\u00e3o particular nossa, caracter\u00edstica nossa, levar isso pro mundo \u00e9 uma vit\u00f3ria maravilhosa, ter pessoas que querem ouvir minha m\u00fasica, imagine ai, eu fa\u00e7o o que gosto, e isso gera um \u00eaxito, isso \u00e9 maravilhoso, \u00e9 uma coisa que eu gosto de fazer, eu vivo disso, \u00e9 uma maravilha.<\/p>\n<p><strong>** Voc\u00ea\u00a0\u00e9\u00a0tamb\u00e9m conhecida, por que al\u00e9m dessa for\u00e7a musical que carrega, \u00e9\u00a0uma mulher que alcancou o sucesso, mas permanece do mesmo jeito que iniciou, sendo brincalhona, popular, tem tempo pra elogiar e agradecer, e mantem um contato direto com os f\u00e3s, caracter\u00edstica que todos admiram em voc\u00ea, de ser hospitaleira, acolhedora, voc\u00ea \u00e9 uma artista que consegue permanecer a seus princ\u00edpios. Qual o segredo desse equil\u00edbrio?<\/strong><\/p>\n<p>&#8211;\u00a0 Gra\u00e7as a Deus, tenho muito sucesso, mas n\u00e3o vejo onde esse \u00eaxito possa mudar minha vida, n\u00e3o deve mudar meu temperamento, ou a forma como lido com o dia-a-dia, mesmo que eu nao fosse artista, eu estaria grata, e lembraria das pessoas; n\u00e3o sei porque algumas pessoas encontram \u00eaxito, mas perdem as coisas simples da vida, isso \u00e9 uma loucura, minha vida \u00e9 simples, me transformei em mulher de sucesso, mas n\u00e3o mudei nada, continuo a mesma mulher, temente a Deus. Isso tem muito a ver com f\u00e9, eu sou filha de Deus, e eu acho que Ele est\u00e1 vendo tudo, eu vejo Deus como um Pai, me dizendo me alertando, \u2018hey \u00e9 assim que se faz, o que t\u00e1 te faltando?, vamos conversar aqui e encontrar a maneira certa para valorizar as coisas\u2019. A vida s\u00f3 vale a pena assim, dando valor.<\/p>\n<p><strong>** Um sonho que voce ainda n\u00e3o realizou?<\/strong><\/p>\n<p>&#8211; Ter quatro filhos.<\/p>\n<p><strong>** Sua rela\u00e7\u00e3o com o trio el\u00e9trico. O que ele representa pra voc\u00ea?<\/strong><\/p>\n<p>&#8211; O trio \u00e9 um palco inusitado, bastante baiano, foi l\u00e1 onde ele foi criado, \u00c9 um palco de muitas emo\u00e7\u00f5es, improvisos, de criar e aprender, adversidades, favorecimentos. \u00c9 um palco muito democr\u00e1tico, muito glamouroso e simples, cordial, leve. Todo mundo sobe no trio, pode fazer o que for, vai ser sempre o trio. Principlamente o est\u00edmulo a improvisa\u00e7\u00e3o.<\/p>\n<p><strong>** Fale um pouco da sua vida pessoal, com voc\u00ea est\u00e1?<\/strong><\/p>\n<p>&#8211; Bom eu sou casada, n\u00e9\u00a0meu bem, mas sempre namorando, tenho uma vida normal, dentro de casa, tenho um filhinho, mas to sempre namorando, indo ao cinema, aquele namorinho, aquelas beijocas, estamos muito felizes, Gra\u00e7as a Deus.<\/p>\n<p><strong>** Tem uma opini\u00e3o formada a respeito das manifesta\u00e7\u00f5es no Brasil?<\/strong><\/p>\n<p>&#8211; Eu acho l\u00edcito. \u00c9 verdade que o vandalismo, impregnado dentro dessas manifesta\u00e7\u00f5es s\u00e3o inerentes \u00e0 vontade de um povo, isso acontece em todo lugar, nos EUA, na S\u00edria, no Egito, as pessoas est\u00e3o ali lutando por seus direitos e existem pessoas que est\u00e3o ali com objetivos de badernar, de fazer maldade, infelizmente isso denigre as pessoas. As manifesta\u00e7\u00f5es s\u00e3o favor\u00e1veis, o povo que se cala \u00e9 um povo omisso. A prova de que o pa\u00eds est\u00e1 se desenvolvendo \u00e9 a capacidade do povo de rever os seus conceitos\u00a0 e administra\u00e7\u00e3o pol\u00edtica. Tem o lado negativo que s\u00e3o as car\u00eancias do povo, mas o lado positivo \u00e9 um pais de rico desenvolvimento, isso gera no povo consci\u00eancia, a vontade e o discernimento de reclamarem os seus direitos.<\/p>\n<p><strong>** Uma mensagem pra galera que te aguarda.<\/strong><\/p>\n<p>&#8211; Eu estou chegando. Eu avisei. Quem n\u00e3o aguenta, n\u00e3o venha. Isso \u00e9\u00a0uma amea\u00e7a (risos). Bebam muita \u00e1gua, durmam bastante, e guardem as energias por que estou chegando. O coro vai comer!<\/p>\n","protected":false},"excerpt":{"rendered":"<p>Roger Costa A cantora Ivete Sangalo dispensa apresenta\u00e7\u00f5es. Ao longo de seus 20 anos de carreira, a artista baiana, nascida em Juazeiro, conseguiu virar s\u00edmbolo da cultura brasileira, \u00edcone da M\u00fasica Popular e personalidade que representa o Alto-Astral de nosso pa\u00eds por onde quer que ela passe. Ivete j\u00e1 vendeu mais de 6 milh\u00f5es de c\u00f3pias de discos e agora prepara-se para trazer sua nova turn\u00ea, que leva o t\u00edtulo de seu \u00faltimo album \u201cReal Fantasia\u201d para terras norte-americanas. A turn\u00ea que come\u00e7a dia 9, e passa por 5 cidades, incluindo Newark-NJ, promete ser o grande espet\u00e1culo musical do ano, [&hellip;]<\/p>\n","protected":false},"author":1,"featured_media":2152,"comment_status":"open","ping_status":"open","sticky":false,"template":"","format":"standard","meta":{"_links_to":"","_links_to_target":""},"categories":[4,1],"tags":[],"views":6334,"_links":{"self":[{"href":"https:\/\/www.brazilianpress.com\/v1\/wp-json\/wp\/v2\/posts\/2151"}],"collection":[{"href":"https:\/\/www.brazilianpress.com\/v1\/wp-json\/wp\/v2\/posts"}],"about":[{"href":"https:\/\/www.brazilianpress.com\/v1\/wp-json\/wp\/v2\/types\/post"}],"author":[{"embeddable":true,"href":"https:\/\/www.brazilianpress.com\/v1\/wp-json\/wp\/v2\/users\/1"}],"replies":[{"embeddable":true,"href":"https:\/\/www.brazilianpress.com\/v1\/wp-json\/wp\/v2\/comments?post=2151"}],"version-history":[{"count":4,"href":"https:\/\/www.brazilianpress.com\/v1\/wp-json\/wp\/v2\/posts\/2151\/revisions"}],"predecessor-version":[{"id":2350,"href":"https:\/\/www.brazilianpress.com\/v1\/wp-json\/wp\/v2\/posts\/2151\/revisions\/2350"}],"wp:featuredmedia":[{"embeddable":true,"href":"https:\/\/www.brazilianpress.com\/v1\/wp-json\/wp\/v2\/media\/2152"}],"wp:attachment":[{"href":"https:\/\/www.brazilianpress.com\/v1\/wp-json\/wp\/v2\/media?parent=2151"}],"wp:term":[{"taxonomy":"category","embeddable":true,"href":"https:\/\/www.brazilianpress.com\/v1\/wp-json\/wp\/v2\/categories?post=2151"},{"taxonomy":"post_tag","embeddable":true,"href":"https:\/\/www.brazilianpress.com\/v1\/wp-json\/wp\/v2\/tags?post=2151"}],"curies":[{"name":"wp","href":"https:\/\/api.w.org\/{rel}","templated":true}]}}