{"id":22121,"date":"2016-04-21T08:42:42","date_gmt":"2016-04-21T12:42:42","guid":{"rendered":"http:\/\/www.brazilianpress.com\/v1\/?p=22121"},"modified":"2016-04-28T07:53:44","modified_gmt":"2016-04-28T11:53:44","slug":"social-press-21042016-2","status":"publish","type":"post","link":"https:\/\/www.brazilianpress.com\/v1\/2016\/04\/21\/social-press-21042016-2\/","title":{"rendered":"Social Press . 21\/04\/2016"},"content":{"rendered":"<p><strong><em><img loading=\"lazy\" class=\"alignnone size-full wp-image-22118\" src=\"http:\/\/www.brazilianpress.com\/v1\/wp-content\/uploads\/2016\/04\/social-press-ed1780-20160421-7.jpg\" alt=\"social press ed1780 20160421 (7)\" width=\"350\" height=\"363\" srcset=\"https:\/\/www.brazilianpress.com\/v1\/wp-content\/uploads\/2016\/04\/social-press-ed1780-20160421-7.jpg 350w, https:\/\/www.brazilianpress.com\/v1\/wp-content\/uploads\/2016\/04\/social-press-ed1780-20160421-7-289x300.jpg 289w\" sizes=\"(max-width: 350px) 100vw, 350px\" \/><br \/>\nNosso amigo Watson com a aniversariante da semana e esposa Lu, Happy Birthday !!<\/em><\/strong><\/p>\n<p><strong><em><img loading=\"lazy\" class=\"alignnone size-full wp-image-22113\" src=\"http:\/\/www.brazilianpress.com\/v1\/wp-content\/uploads\/2016\/04\/social-press-ed1780-20160421-2.jpg\" alt=\"social press ed1780 20160421 (2)\" width=\"450\" height=\"338\" srcset=\"https:\/\/www.brazilianpress.com\/v1\/wp-content\/uploads\/2016\/04\/social-press-ed1780-20160421-2.jpg 450w, https:\/\/www.brazilianpress.com\/v1\/wp-content\/uploads\/2016\/04\/social-press-ed1780-20160421-2-300x225.jpg 300w\" sizes=\"(max-width: 450px) 100vw, 450px\" \/><br \/>\nO casal Melissa Ferreira e Randy Velez est\u00e3o celebrando muitas vit\u00f3rias, incluindo o batismo do baby boy Nicholas realizado com linda cerim\u00f4nia em Newark. God Bless!<\/em><\/strong><\/p>\n<p><strong><em><img loading=\"lazy\" class=\"alignnone size-full wp-image-22114\" src=\"http:\/\/www.brazilianpress.com\/v1\/wp-content\/uploads\/2016\/04\/social-press-ed1780-20160421-3.jpg\" alt=\"social press ed1780 20160421 (3)\" width=\"450\" height=\"338\" srcset=\"https:\/\/www.brazilianpress.com\/v1\/wp-content\/uploads\/2016\/04\/social-press-ed1780-20160421-3.jpg 450w, https:\/\/www.brazilianpress.com\/v1\/wp-content\/uploads\/2016\/04\/social-press-ed1780-20160421-3-300x225.jpg 300w\" sizes=\"(max-width: 450px) 100vw, 450px\" \/><br \/>\nSuper Alto-Astral, companheira, brincalhona e uma das figuras volunt\u00e1rias mais ativas na comunidade, K\u00e1tia Zatta soprou as velinhas no domingo e recebeu o carinho dos amigos.<\/em><\/strong><!--more--><\/p>\n<p><strong><em><img loading=\"lazy\" class=\"alignnone size-full wp-image-22115\" src=\"http:\/\/www.brazilianpress.com\/v1\/wp-content\/uploads\/2016\/04\/social-press-ed1780-20160421-4.jpg\" alt=\"social press ed1780 20160421 (4)\" width=\"450\" height=\"300\" srcset=\"https:\/\/www.brazilianpress.com\/v1\/wp-content\/uploads\/2016\/04\/social-press-ed1780-20160421-4.jpg 450w, https:\/\/www.brazilianpress.com\/v1\/wp-content\/uploads\/2016\/04\/social-press-ed1780-20160421-4-300x200.jpg 300w\" sizes=\"(max-width: 450px) 100vw, 450px\" \/><br \/>\nHappy Birthday (atrasado) ao jovem Leko, profissional carism\u00e1tico, dedicado no cuidado aos c\u00e3es no Pet R Us localizado na Jefferson Street em Newark.<\/em><\/strong><\/p>\n<p><strong><em><img loading=\"lazy\" class=\"alignnone size-full wp-image-22116\" src=\"http:\/\/www.brazilianpress.com\/v1\/wp-content\/uploads\/2016\/04\/social-press-ed1780-20160421-5.jpg\" alt=\"social press ed1780 20160421 (5)\" width=\"450\" height=\"300\" srcset=\"https:\/\/www.brazilianpress.com\/v1\/wp-content\/uploads\/2016\/04\/social-press-ed1780-20160421-5.jpg 450w, https:\/\/www.brazilianpress.com\/v1\/wp-content\/uploads\/2016\/04\/social-press-ed1780-20160421-5-300x200.jpg 300w\" sizes=\"(max-width: 450px) 100vw, 450px\" \/><br \/>\nPush &amp; Pull: Grand Salud a los hermanos Robert Carrasquillo e Angel, dupla din\u00e2mica na comunidade, aproveitando um breakfast no Dunkin da Market Street.<\/em><\/strong><\/p>\n<p><strong><em><img loading=\"lazy\" class=\"alignnone size-full wp-image-22117\" src=\"http:\/\/www.brazilianpress.com\/v1\/wp-content\/uploads\/2016\/04\/social-press-ed1780-20160421-6.jpg\" alt=\"social press ed1780 20160421 (6)\" width=\"450\" height=\"338\" srcset=\"https:\/\/www.brazilianpress.com\/v1\/wp-content\/uploads\/2016\/04\/social-press-ed1780-20160421-6.jpg 450w, https:\/\/www.brazilianpress.com\/v1\/wp-content\/uploads\/2016\/04\/social-press-ed1780-20160421-6-300x225.jpg 300w\" sizes=\"(max-width: 450px) 100vw, 450px\" \/><br \/>\nO empres\u00e1rio Jos\u00e9 Moreira doou mais um jantar beneficente, agora em prol de Leo Teixeira. Na foto a esposa Izildinha e amigos que colaboraram com o evento.<\/em><\/strong><\/p>\n<p><strong><em><img loading=\"lazy\" class=\"alignnone size-full wp-image-22112\" src=\"http:\/\/www.brazilianpress.com\/v1\/wp-content\/uploads\/2016\/04\/social-press-ed1780-20160421-1.jpg\" alt=\"social press ed1780 20160421 (1)\" width=\"400\" height=\"400\" srcset=\"https:\/\/www.brazilianpress.com\/v1\/wp-content\/uploads\/2016\/04\/social-press-ed1780-20160421-1.jpg 400w, https:\/\/www.brazilianpress.com\/v1\/wp-content\/uploads\/2016\/04\/social-press-ed1780-20160421-1-150x150.jpg 150w, https:\/\/www.brazilianpress.com\/v1\/wp-content\/uploads\/2016\/04\/social-press-ed1780-20160421-1-300x300.jpg 300w\" sizes=\"(max-width: 400px) 100vw, 400px\" \/><br \/>\nNossos votos de muito sucesso \u00e0 empres\u00e1ria Cristina Martinez, Sparkclink LLC, que vem fazendo um excelente trabalho na comunidade de NY<br \/>\n<\/em><\/strong><\/p>\n","protected":false},"excerpt":{"rendered":"<p>Nosso amigo Watson com a aniversariante da semana e esposa Lu, Happy Birthday !! O casal Melissa Ferreira e Randy Velez est\u00e3o celebrando muitas vit\u00f3rias, incluindo o batismo do baby boy Nicholas realizado com linda cerim\u00f4nia em Newark. God Bless! Super Alto-Astral, companheira, brincalhona e uma das figuras volunt\u00e1rias mais ativas na comunidade, K\u00e1tia Zatta soprou as velinhas no domingo e recebeu o carinho dos amigos.<\/p>\n","protected":false},"author":1,"featured_media":22118,"comment_status":"open","ping_status":"open","sticky":false,"template":"","format":"standard","meta":{"_links_to":"","_links_to_target":""},"categories":[4,1,6],"tags":[],"views":3011,"_links":{"self":[{"href":"https:\/\/www.brazilianpress.com\/v1\/wp-json\/wp\/v2\/posts\/22121"}],"collection":[{"href":"https:\/\/www.brazilianpress.com\/v1\/wp-json\/wp\/v2\/posts"}],"about":[{"href":"https:\/\/www.brazilianpress.com\/v1\/wp-json\/wp\/v2\/types\/post"}],"author":[{"embeddable":true,"href":"https:\/\/www.brazilianpress.com\/v1\/wp-json\/wp\/v2\/users\/1"}],"replies":[{"embeddable":true,"href":"https:\/\/www.brazilianpress.com\/v1\/wp-json\/wp\/v2\/comments?post=22121"}],"version-history":[{"count":2,"href":"https:\/\/www.brazilianpress.com\/v1\/wp-json\/wp\/v2\/posts\/22121\/revisions"}],"predecessor-version":[{"id":22166,"href":"https:\/\/www.brazilianpress.com\/v1\/wp-json\/wp\/v2\/posts\/22121\/revisions\/22166"}],"wp:featuredmedia":[{"embeddable":true,"href":"https:\/\/www.brazilianpress.com\/v1\/wp-json\/wp\/v2\/media\/22118"}],"wp:attachment":[{"href":"https:\/\/www.brazilianpress.com\/v1\/wp-json\/wp\/v2\/media?parent=22121"}],"wp:term":[{"taxonomy":"category","embeddable":true,"href":"https:\/\/www.brazilianpress.com\/v1\/wp-json\/wp\/v2\/categories?post=22121"},{"taxonomy":"post_tag","embeddable":true,"href":"https:\/\/www.brazilianpress.com\/v1\/wp-json\/wp\/v2\/tags?post=22121"}],"curies":[{"name":"wp","href":"https:\/\/api.w.org\/{rel}","templated":true}]}}