{"id":22198,"date":"2016-04-21T10:55:30","date_gmt":"2016-04-21T14:55:30","guid":{"rendered":"http:\/\/www.brazilianpress.com\/v1\/?p=22198"},"modified":"2016-04-21T10:55:30","modified_gmt":"2016-04-21T14:55:30","slug":"flashes-do-15o-tribeca-film-festival-by-roger-costa","status":"publish","type":"post","link":"https:\/\/www.brazilianpress.com\/v1\/2016\/04\/21\/flashes-do-15o-tribeca-film-festival-by-roger-costa\/","title":{"rendered":"Flashes do 15\u00ba Tribeca Film Festival By Roger Costa"},"content":{"rendered":"<p><img loading=\"lazy\" class=\"alignnone size-full wp-image-22199\" src=\"http:\/\/www.brazilianpress.com\/v1\/wp-content\/uploads\/2016\/04\/tribeca-2016-ed1780-20160421-1.jpg\" alt=\"tribeca 2016 ed1780 20160421 (1)\" width=\"500\" height=\"360\" srcset=\"https:\/\/www.brazilianpress.com\/v1\/wp-content\/uploads\/2016\/04\/tribeca-2016-ed1780-20160421-1.jpg 500w, https:\/\/www.brazilianpress.com\/v1\/wp-content\/uploads\/2016\/04\/tribeca-2016-ed1780-20160421-1-300x216.jpg 300w\" sizes=\"(max-width: 500px) 100vw, 500px\" \/><\/p>\n<p>O TFF acontece em Manhattan at\u00e9 o pr\u00f3ximo domingo trazendo novas tend\u00eancias do cinema independente Americano e internacional, mostras de tecnologia, arte, m\u00fasica, esportes e muita divers\u00e3o.<!--more--> Celebridades, entusiastas, cin\u00e9filos e profissionais da ind\u00fastria brilharam no Red Carpet, nas exibi\u00e7\u00f5es especiais, nas rodas de conversas, nos eventos espalhados pela cidade e na expectativa pela sele\u00e7\u00e3o de filmes de grande qualidade de entretenimento. Veja quem esteve por l\u00e1 e acesse nosso website www.BrazilianPress.com para cobertura de fotos completa. Visite www.tribecafilm.com para programa\u00e7\u00e3o.<\/p>\n<p><img loading=\"lazy\" class=\"alignnone size-full wp-image-22200\" src=\"http:\/\/www.brazilianpress.com\/v1\/wp-content\/uploads\/2016\/04\/tribeca-2016-ed1780-20160421-7.jpg\" alt=\"tribeca 2016 ed1780 20160421 (7)\" width=\"500\" height=\"333\" srcset=\"https:\/\/www.brazilianpress.com\/v1\/wp-content\/uploads\/2016\/04\/tribeca-2016-ed1780-20160421-7.jpg 500w, https:\/\/www.brazilianpress.com\/v1\/wp-content\/uploads\/2016\/04\/tribeca-2016-ed1780-20160421-7-300x200.jpg 300w\" sizes=\"(max-width: 500px) 100vw, 500px\" \/> <img loading=\"lazy\" class=\"alignnone size-full wp-image-22201\" src=\"http:\/\/www.brazilianpress.com\/v1\/wp-content\/uploads\/2016\/04\/tribeca-2016-ed1780-20160421-2.jpg\" alt=\"tribeca 2016 ed1780 20160421 (2)\" width=\"500\" height=\"333\" srcset=\"https:\/\/www.brazilianpress.com\/v1\/wp-content\/uploads\/2016\/04\/tribeca-2016-ed1780-20160421-2.jpg 500w, https:\/\/www.brazilianpress.com\/v1\/wp-content\/uploads\/2016\/04\/tribeca-2016-ed1780-20160421-2-300x200.jpg 300w\" sizes=\"(max-width: 500px) 100vw, 500px\" \/> <img loading=\"lazy\" class=\"alignnone size-full wp-image-22202\" src=\"http:\/\/www.brazilianpress.com\/v1\/wp-content\/uploads\/2016\/04\/tribeca-2016-ed1780-20160421-3.jpg\" alt=\"tribeca 2016 ed1780 20160421 (3)\" width=\"500\" height=\"333\" srcset=\"https:\/\/www.brazilianpress.com\/v1\/wp-content\/uploads\/2016\/04\/tribeca-2016-ed1780-20160421-3.jpg 500w, https:\/\/www.brazilianpress.com\/v1\/wp-content\/uploads\/2016\/04\/tribeca-2016-ed1780-20160421-3-300x200.jpg 300w\" sizes=\"(max-width: 500px) 100vw, 500px\" \/> <img loading=\"lazy\" class=\"alignnone size-full wp-image-22203\" src=\"http:\/\/www.brazilianpress.com\/v1\/wp-content\/uploads\/2016\/04\/tribeca-2016-ed1780-20160421-4.jpg\" alt=\"tribeca 2016 ed1780 20160421 (4)\" width=\"500\" height=\"333\" srcset=\"https:\/\/www.brazilianpress.com\/v1\/wp-content\/uploads\/2016\/04\/tribeca-2016-ed1780-20160421-4.jpg 500w, https:\/\/www.brazilianpress.com\/v1\/wp-content\/uploads\/2016\/04\/tribeca-2016-ed1780-20160421-4-300x200.jpg 300w\" sizes=\"(max-width: 500px) 100vw, 500px\" \/> <img loading=\"lazy\" class=\"alignnone size-full wp-image-22204\" src=\"http:\/\/www.brazilianpress.com\/v1\/wp-content\/uploads\/2016\/04\/tribeca-2016-ed1780-20160421-5.jpg\" alt=\"tribeca 2016 ed1780 20160421 (5)\" width=\"500\" height=\"333\" srcset=\"https:\/\/www.brazilianpress.com\/v1\/wp-content\/uploads\/2016\/04\/tribeca-2016-ed1780-20160421-5.jpg 500w, https:\/\/www.brazilianpress.com\/v1\/wp-content\/uploads\/2016\/04\/tribeca-2016-ed1780-20160421-5-300x200.jpg 300w\" sizes=\"(max-width: 500px) 100vw, 500px\" \/> <img loading=\"lazy\" class=\"alignnone size-full wp-image-22205\" src=\"http:\/\/www.brazilianpress.com\/v1\/wp-content\/uploads\/2016\/04\/tribeca-2016-ed1780-20160421-6.jpg\" alt=\"tribeca 2016 ed1780 20160421 (6)\" width=\"500\" height=\"333\" srcset=\"https:\/\/www.brazilianpress.com\/v1\/wp-content\/uploads\/2016\/04\/tribeca-2016-ed1780-20160421-6.jpg 500w, https:\/\/www.brazilianpress.com\/v1\/wp-content\/uploads\/2016\/04\/tribeca-2016-ed1780-20160421-6-300x200.jpg 300w\" sizes=\"(max-width: 500px) 100vw, 500px\" \/><\/p>\n","protected":false},"excerpt":{"rendered":"<p>O TFF acontece em Manhattan at\u00e9 o pr\u00f3ximo domingo trazendo novas tend\u00eancias do cinema independente Americano e internacional, mostras de tecnologia, arte, m\u00fasica, esportes e muita divers\u00e3o.<\/p>\n","protected":false},"author":1,"featured_media":22199,"comment_status":"open","ping_status":"open","sticky":false,"template":"","format":"standard","meta":{"_links_to":"","_links_to_target":""},"categories":[4,19,1],"tags":[],"views":2315,"_links":{"self":[{"href":"https:\/\/www.brazilianpress.com\/v1\/wp-json\/wp\/v2\/posts\/22198"}],"collection":[{"href":"https:\/\/www.brazilianpress.com\/v1\/wp-json\/wp\/v2\/posts"}],"about":[{"href":"https:\/\/www.brazilianpress.com\/v1\/wp-json\/wp\/v2\/types\/post"}],"author":[{"embeddable":true,"href":"https:\/\/www.brazilianpress.com\/v1\/wp-json\/wp\/v2\/users\/1"}],"replies":[{"embeddable":true,"href":"https:\/\/www.brazilianpress.com\/v1\/wp-json\/wp\/v2\/comments?post=22198"}],"version-history":[{"count":1,"href":"https:\/\/www.brazilianpress.com\/v1\/wp-json\/wp\/v2\/posts\/22198\/revisions"}],"predecessor-version":[{"id":22206,"href":"https:\/\/www.brazilianpress.com\/v1\/wp-json\/wp\/v2\/posts\/22198\/revisions\/22206"}],"wp:featuredmedia":[{"embeddable":true,"href":"https:\/\/www.brazilianpress.com\/v1\/wp-json\/wp\/v2\/media\/22199"}],"wp:attachment":[{"href":"https:\/\/www.brazilianpress.com\/v1\/wp-json\/wp\/v2\/media?parent=22198"}],"wp:term":[{"taxonomy":"category","embeddable":true,"href":"https:\/\/www.brazilianpress.com\/v1\/wp-json\/wp\/v2\/categories?post=22198"},{"taxonomy":"post_tag","embeddable":true,"href":"https:\/\/www.brazilianpress.com\/v1\/wp-json\/wp\/v2\/tags?post=22198"}],"curies":[{"name":"wp","href":"https:\/\/api.w.org\/{rel}","templated":true}]}}