{"id":22210,"date":"2016-04-21T10:58:46","date_gmt":"2016-04-21T14:58:46","guid":{"rendered":"http:\/\/www.brazilianpress.com\/v1\/?p=22210"},"modified":"2016-04-21T10:58:46","modified_gmt":"2016-04-21T14:58:46","slug":"fda-adverte-garrafas-de-agua-possuem-data-de-validade","status":"publish","type":"post","link":"https:\/\/www.brazilianpress.com\/v1\/2016\/04\/21\/fda-adverte-garrafas-de-agua-possuem-data-de-validade\/","title":{"rendered":"FDA adverte: garrafas de \u00e1gua possuem data de validade"},"content":{"rendered":"<p><img loading=\"lazy\" class=\"alignnone size-full wp-image-22211\" src=\"http:\/\/www.brazilianpress.com\/v1\/wp-content\/uploads\/2016\/04\/garrafa-de-agua-mineral.jpg\" alt=\"garrafa-de-agua-mineral\" width=\"500\" height=\"250\" srcset=\"https:\/\/www.brazilianpress.com\/v1\/wp-content\/uploads\/2016\/04\/garrafa-de-agua-mineral.jpg 500w, https:\/\/www.brazilianpress.com\/v1\/wp-content\/uploads\/2016\/04\/garrafa-de-agua-mineral-300x150.jpg 300w\" sizes=\"(max-width: 500px) 100vw, 500px\" \/><\/p>\n<p>Voc\u00ea j\u00e1 deve ter reparado que as garrafinhas de \u00e1gua possuem uma data de validade e at\u00e9 j\u00e1 deve ter considerado a real necessidade disso, afinal, \u00e9 s\u00f3 \u00e1gua. Certo?<!--more--><\/p>\n<p>Mesmo que a \u00e1gua, de certa forma, n\u00e3o estrague, a informa\u00e7\u00e3o ajuda a identificar a f\u00e1brica em que foi engarrafada e a data em que isso ocorreu, caso haja necessidade de isolar algum contaminante para um poss\u00edvel recall.<\/p>\n<p>De acordo com a Food and Drug Adminstration, as garrafas de \u00e1gua t\u00eam uma vida \u00fatil indefinida, enquanto que para o Departamento de Seguran\u00e7a Interna recomenda que as pessoas mudem a \u00e1gua de seus kits de prepara\u00e7\u00e3o contra cat\u00e1strofes a cada seis meses.<\/p>\n<p>Contudo, embora o l\u00edquido n\u00e3o estrague, o pl\u00e1stico das garradas, ap\u00f3s um longo per\u00edodo de tempo, pode iniciar um processo de lixivia\u00e7\u00e3o (dilui\u00e7\u00e3o) de produtos qu\u00edmicos. E embora n\u00e3o sejam necessariamente prejudiciais (exceto os pl\u00e1sticos que cont\u00eam bisfenol-A e outras subst\u00e2ncias mal\u00e9ficas ao corpo), eles podem alterar o \u2018sabor\u2019 da \u00e1gua. Neste caso, a data de validade conta como um fator importante para o fabricante, caso um cliente reclame do gosto ruim quando a data de validade est\u00e1 expirada.<\/p>\n<p>Contudo, em um estudo recente, publicado pela Environmental Pollution e realizado pela Universidade da Fl\u00f3rida, investigadores descobriram que as garrafas d\u2019\u00e1gua deixadas em ambientes quentes durante um per\u00edodo de tempo prolongado tinham aumentado a quantidade de produtos qu\u00edmicos potencialmente nocivos. Por esta raz\u00e3o que, de acordo com os cientistas, n\u00e3o \u00e9 recomendado beber a \u00e1gua daquela garrafa que passou um dia todo em seu carro e provavelmente esquentou e esfriou in\u00fameras vezes.<\/p>\n","protected":false},"excerpt":{"rendered":"<p>Voc\u00ea j\u00e1 deve ter reparado que as garrafinhas de \u00e1gua possuem uma data de validade e at\u00e9 j\u00e1 deve ter considerado a real necessidade disso, afinal, \u00e9 s\u00f3 \u00e1gua. Certo?<\/p>\n","protected":false},"author":1,"featured_media":22211,"comment_status":"open","ping_status":"open","sticky":false,"template":"","format":"standard","meta":{"_links_to":"","_links_to_target":""},"categories":[4,1],"tags":[],"views":2293,"_links":{"self":[{"href":"https:\/\/www.brazilianpress.com\/v1\/wp-json\/wp\/v2\/posts\/22210"}],"collection":[{"href":"https:\/\/www.brazilianpress.com\/v1\/wp-json\/wp\/v2\/posts"}],"about":[{"href":"https:\/\/www.brazilianpress.com\/v1\/wp-json\/wp\/v2\/types\/post"}],"author":[{"embeddable":true,"href":"https:\/\/www.brazilianpress.com\/v1\/wp-json\/wp\/v2\/users\/1"}],"replies":[{"embeddable":true,"href":"https:\/\/www.brazilianpress.com\/v1\/wp-json\/wp\/v2\/comments?post=22210"}],"version-history":[{"count":1,"href":"https:\/\/www.brazilianpress.com\/v1\/wp-json\/wp\/v2\/posts\/22210\/revisions"}],"predecessor-version":[{"id":22212,"href":"https:\/\/www.brazilianpress.com\/v1\/wp-json\/wp\/v2\/posts\/22210\/revisions\/22212"}],"wp:featuredmedia":[{"embeddable":true,"href":"https:\/\/www.brazilianpress.com\/v1\/wp-json\/wp\/v2\/media\/22211"}],"wp:attachment":[{"href":"https:\/\/www.brazilianpress.com\/v1\/wp-json\/wp\/v2\/media?parent=22210"}],"wp:term":[{"taxonomy":"category","embeddable":true,"href":"https:\/\/www.brazilianpress.com\/v1\/wp-json\/wp\/v2\/categories?post=22210"},{"taxonomy":"post_tag","embeddable":true,"href":"https:\/\/www.brazilianpress.com\/v1\/wp-json\/wp\/v2\/tags?post=22210"}],"curies":[{"name":"wp","href":"https:\/\/api.w.org\/{rel}","templated":true}]}}