{"id":22213,"date":"2016-04-21T11:03:11","date_gmt":"2016-04-21T15:03:11","guid":{"rendered":"http:\/\/www.brazilianpress.com\/v1\/?p=22213"},"modified":"2016-04-21T11:03:11","modified_gmt":"2016-04-21T15:03:11","slug":"em-turne-internacional-a-sao-paulo-companhia-de-danca-chega-aos-palcos-de-new-york","status":"publish","type":"post","link":"https:\/\/www.brazilianpress.com\/v1\/2016\/04\/21\/em-turne-internacional-a-sao-paulo-companhia-de-danca-chega-aos-palcos-de-new-york\/","title":{"rendered":"Em turn\u00ea internacional, a S\u00e3o Paulo Companhia de Dan\u00e7a chega aos palcos de New York"},"content":{"rendered":"<p><img loading=\"lazy\" class=\"alignnone size-full wp-image-22214\" src=\"http:\/\/www.brazilianpress.com\/v1\/wp-content\/uploads\/2016\/04\/comunidade-ed1780-20160421-0.jpg\" alt=\"comunidade ed1780 20160421 (0)\" width=\"500\" height=\"300\" srcset=\"https:\/\/www.brazilianpress.com\/v1\/wp-content\/uploads\/2016\/04\/comunidade-ed1780-20160421-0.jpg 500w, https:\/\/www.brazilianpress.com\/v1\/wp-content\/uploads\/2016\/04\/comunidade-ed1780-20160421-0-300x180.jpg 300w\" sizes=\"(max-width: 500px) 100vw, 500px\" \/><\/p>\n<p><strong><em><u>Roger Costa-<\/u><\/em><\/strong> Ap\u00f3s serem aplaudidos na Su\u00ed\u00e7a e no Canad\u00e1, a S\u00e3o Paulo Companhia de Dan\u00e7a traz a turn\u00ea internacional para os palcos de New York para mostrar os movimentos ousados e exuberantes de uma nova gera\u00e7\u00e3o de dan\u00e7arinos e core\u00f3grafos carregando talento natural e total paix\u00e3o pela dan\u00e7a.<!--more--> A Companhia recebeu elogios de especialistas e do p\u00fablico enquanto esteve na Europa, classificando o trabalho do core\u00f3grafo Cl\u00e9bio Oliveira, incluindo \u201cC\u00e9u Cinzento\u201d, como \u201cum trabalho t\u00e3o virtuoso como uma noite de festas e cores brasileiras\u201d. A S\u00e3o Paulo Dance Company foi fundada em 2008 e seu grandioso repert\u00f3rio inclui trabalhos cl\u00e1ssicos e obras contempor\u00e2neas. A Companhia \u00e9 liderada por In\u00eas Bog\u00e9a, Ph.D. em Artes, ex-integrante do Corpo Grupo, e tamb\u00e9m documentarista e escritora. Para o espet\u00e1culo de estreia em New York, a Companhia desenvolveu novas t\u00e9cnicas, incorporando movimentos arrebatadores, para o programa de 4 coreografias: \u201cC\u00e9u Cinzento\u201d de Cl\u00e9bio Oliveira, \u201cGen\u201d de Cassi Abranches, \u201cMamihlapinatapai\u201d, coreografia moderna assinada por Jomar Mesquita e \u201cGwana\u201d coreografado pelo renomado Nacho Duato. Uma das companhias brasileiras de dan\u00e7a mais aplaudidas no mundo recentemente, a S\u00e3o Paulo Dance Company apresenta espet\u00e1culo que usa os 4 elementos b\u00e1sicos para encontrar um paralelo entre o ser humano e o universo. No palco do The Joyce Theater, de ter\u00e7a-feira 3 de maio \u00e0 domingo 8 de maio. Ingressos a partir de $10 podem ser adquiridos pelo website <a href=\"http:\/\/www.joyce.org\">www.joyce.org<\/a> por telefone (212) 242-0800 ou na bilheteria do teatro localizado no n\u00famero 175 da 8\u00aa Avenida, esquina com a 19\u00aa Street no West Side.<\/p>\n<p><img loading=\"lazy\" class=\"alignnone size-full wp-image-22215\" src=\"http:\/\/www.brazilianpress.com\/v1\/wp-content\/uploads\/2016\/04\/comunidade-ed1780-20160421-1.jpg\" alt=\"comunidade ed1780 20160421 (1)\" width=\"500\" height=\"363\" srcset=\"https:\/\/www.brazilianpress.com\/v1\/wp-content\/uploads\/2016\/04\/comunidade-ed1780-20160421-1.jpg 500w, https:\/\/www.brazilianpress.com\/v1\/wp-content\/uploads\/2016\/04\/comunidade-ed1780-20160421-1-300x218.jpg 300w\" sizes=\"(max-width: 500px) 100vw, 500px\" \/> <img loading=\"lazy\" class=\"alignnone size-full wp-image-22216\" src=\"http:\/\/www.brazilianpress.com\/v1\/wp-content\/uploads\/2016\/04\/comunidade-ed1780-20160421-2.jpg\" alt=\"comunidade ed1780 20160421 (2)\" width=\"500\" height=\"363\" srcset=\"https:\/\/www.brazilianpress.com\/v1\/wp-content\/uploads\/2016\/04\/comunidade-ed1780-20160421-2.jpg 500w, https:\/\/www.brazilianpress.com\/v1\/wp-content\/uploads\/2016\/04\/comunidade-ed1780-20160421-2-300x218.jpg 300w\" sizes=\"(max-width: 500px) 100vw, 500px\" \/> <img loading=\"lazy\" class=\"alignnone size-full wp-image-22217\" src=\"http:\/\/www.brazilianpress.com\/v1\/wp-content\/uploads\/2016\/04\/comunidade-ed1780-20160421-3.jpg\" alt=\"comunidade ed1780 20160421 (3)\" width=\"500\" height=\"300\" srcset=\"https:\/\/www.brazilianpress.com\/v1\/wp-content\/uploads\/2016\/04\/comunidade-ed1780-20160421-3.jpg 500w, https:\/\/www.brazilianpress.com\/v1\/wp-content\/uploads\/2016\/04\/comunidade-ed1780-20160421-3-300x180.jpg 300w\" sizes=\"(max-width: 500px) 100vw, 500px\" \/> <img loading=\"lazy\" class=\"alignnone size-full wp-image-22218\" src=\"http:\/\/www.brazilianpress.com\/v1\/wp-content\/uploads\/2016\/04\/comunidade-ed1780-20160421-4.jpg\" alt=\"comunidade ed1780 20160421 (4)\" width=\"500\" height=\"300\" srcset=\"https:\/\/www.brazilianpress.com\/v1\/wp-content\/uploads\/2016\/04\/comunidade-ed1780-20160421-4.jpg 500w, https:\/\/www.brazilianpress.com\/v1\/wp-content\/uploads\/2016\/04\/comunidade-ed1780-20160421-4-300x180.jpg 300w\" sizes=\"(max-width: 500px) 100vw, 500px\" \/> <img loading=\"lazy\" class=\"alignnone size-full wp-image-22219\" src=\"http:\/\/www.brazilianpress.com\/v1\/wp-content\/uploads\/2016\/04\/comunidade-ed1780-20160421-5.jpg\" alt=\"comunidade ed1780 20160421 (5)\" width=\"500\" height=\"605\" srcset=\"https:\/\/www.brazilianpress.com\/v1\/wp-content\/uploads\/2016\/04\/comunidade-ed1780-20160421-5.jpg 500w, https:\/\/www.brazilianpress.com\/v1\/wp-content\/uploads\/2016\/04\/comunidade-ed1780-20160421-5-248x300.jpg 248w\" sizes=\"(max-width: 500px) 100vw, 500px\" \/> <img loading=\"lazy\" class=\"alignnone size-full wp-image-22220\" src=\"http:\/\/www.brazilianpress.com\/v1\/wp-content\/uploads\/2016\/04\/comunidade-ed1780-20160421-6.jpg\" alt=\"comunidade ed1780 20160421 (6)\" width=\"500\" height=\"500\" srcset=\"https:\/\/www.brazilianpress.com\/v1\/wp-content\/uploads\/2016\/04\/comunidade-ed1780-20160421-6.jpg 500w, https:\/\/www.brazilianpress.com\/v1\/wp-content\/uploads\/2016\/04\/comunidade-ed1780-20160421-6-150x150.jpg 150w, https:\/\/www.brazilianpress.com\/v1\/wp-content\/uploads\/2016\/04\/comunidade-ed1780-20160421-6-300x300.jpg 300w\" sizes=\"(max-width: 500px) 100vw, 500px\" \/><\/p>\n","protected":false},"excerpt":{"rendered":"<p>Roger Costa- Ap\u00f3s serem aplaudidos na Su\u00ed\u00e7a e no Canad\u00e1, a S\u00e3o Paulo Companhia de Dan\u00e7a traz a turn\u00ea internacional para os palcos de New York para mostrar os movimentos ousados e exuberantes de uma nova gera\u00e7\u00e3o de dan\u00e7arinos e core\u00f3grafos carregando talento natural e total paix\u00e3o pela dan\u00e7a.<\/p>\n","protected":false},"author":1,"featured_media":22214,"comment_status":"open","ping_status":"open","sticky":false,"template":"","format":"standard","meta":{"_links_to":"","_links_to_target":""},"categories":[4,19,1],"tags":[],"views":2276,"_links":{"self":[{"href":"https:\/\/www.brazilianpress.com\/v1\/wp-json\/wp\/v2\/posts\/22213"}],"collection":[{"href":"https:\/\/www.brazilianpress.com\/v1\/wp-json\/wp\/v2\/posts"}],"about":[{"href":"https:\/\/www.brazilianpress.com\/v1\/wp-json\/wp\/v2\/types\/post"}],"author":[{"embeddable":true,"href":"https:\/\/www.brazilianpress.com\/v1\/wp-json\/wp\/v2\/users\/1"}],"replies":[{"embeddable":true,"href":"https:\/\/www.brazilianpress.com\/v1\/wp-json\/wp\/v2\/comments?post=22213"}],"version-history":[{"count":1,"href":"https:\/\/www.brazilianpress.com\/v1\/wp-json\/wp\/v2\/posts\/22213\/revisions"}],"predecessor-version":[{"id":22221,"href":"https:\/\/www.brazilianpress.com\/v1\/wp-json\/wp\/v2\/posts\/22213\/revisions\/22221"}],"wp:featuredmedia":[{"embeddable":true,"href":"https:\/\/www.brazilianpress.com\/v1\/wp-json\/wp\/v2\/media\/22214"}],"wp:attachment":[{"href":"https:\/\/www.brazilianpress.com\/v1\/wp-json\/wp\/v2\/media?parent=22213"}],"wp:term":[{"taxonomy":"category","embeddable":true,"href":"https:\/\/www.brazilianpress.com\/v1\/wp-json\/wp\/v2\/categories?post=22213"},{"taxonomy":"post_tag","embeddable":true,"href":"https:\/\/www.brazilianpress.com\/v1\/wp-json\/wp\/v2\/tags?post=22213"}],"curies":[{"name":"wp","href":"https:\/\/api.w.org\/{rel}","templated":true}]}}