{"id":22222,"date":"2016-04-21T11:06:46","date_gmt":"2016-04-21T15:06:46","guid":{"rendered":"http:\/\/www.brazilianpress.com\/v1\/?p=22222"},"modified":"2016-04-21T11:06:46","modified_gmt":"2016-04-21T15:06:46","slug":"coluna-susan-cada-estacao-tem-seu-encanto-dentro-do-central-park","status":"publish","type":"post","link":"https:\/\/www.brazilianpress.com\/v1\/2016\/04\/21\/coluna-susan-cada-estacao-tem-seu-encanto-dentro-do-central-park\/","title":{"rendered":"Coluna Susan: Cada esta\u00e7\u00e3o tem seu encanto dentro  do Central Park"},"content":{"rendered":"<p><img loading=\"lazy\" class=\"alignnone size-full wp-image-22223\" src=\"http:\/\/www.brazilianpress.com\/v1\/wp-content\/uploads\/2016\/04\/coluna-susan-ed1780-20160421-4.jpg\" alt=\"coluna susan ed1780 20160421 (4)\" width=\"500\" height=\"375\" srcset=\"https:\/\/www.brazilianpress.com\/v1\/wp-content\/uploads\/2016\/04\/coluna-susan-ed1780-20160421-4.jpg 500w, https:\/\/www.brazilianpress.com\/v1\/wp-content\/uploads\/2016\/04\/coluna-susan-ed1780-20160421-4-300x225.jpg 300w\" sizes=\"(max-width: 500px) 100vw, 500px\" \/><\/p>\n<p><strong>Primavera, Ver\u00e3o, Outono ou Inverno, cada esta\u00e7\u00e3o tem seu encanto dentro do central Park, sempre uma novidade uma descoberta !!<\/strong><!--more--><\/p>\n<p>Vivo em New York a 19 anos e costumo dizer que o Central Park \u00e9 extens\u00e3o da minha casa ( risos )! Onde n\u00f3s sentimos acolhidos, s\u00e3o muitas atra\u00e7\u00f5es , local para todas as idades !! Durante o ano todo tem uma programa\u00e7\u00e3o incr\u00edvel uase sempre gratuita que se intensifica na primavera e no ver\u00e3o ! www.centralpark.com ** Para acompanhar a programa\u00e7\u00e3o !! Se est\u00e1s cansado, desanimado melhor pedida pegue uma canga , um livro , deite no central Park e deixe o tempo passar , voc\u00ea ser\u00e1 outro depois desse encontro m\u00e1gico !!<\/p>\n<p><img loading=\"lazy\" class=\"alignnone size-full wp-image-22224\" src=\"http:\/\/www.brazilianpress.com\/v1\/wp-content\/uploads\/2016\/04\/coluna-susan-ed1780-20160421-1.jpg\" alt=\"coluna susan ed1780 20160421 (1)\" width=\"500\" height=\"375\" srcset=\"https:\/\/www.brazilianpress.com\/v1\/wp-content\/uploads\/2016\/04\/coluna-susan-ed1780-20160421-1.jpg 500w, https:\/\/www.brazilianpress.com\/v1\/wp-content\/uploads\/2016\/04\/coluna-susan-ed1780-20160421-1-300x225.jpg 300w\" sizes=\"(max-width: 500px) 100vw, 500px\" \/> <img loading=\"lazy\" class=\"alignnone size-full wp-image-22225\" src=\"http:\/\/www.brazilianpress.com\/v1\/wp-content\/uploads\/2016\/04\/coluna-susan-ed1780-20160421-2.jpg\" alt=\"coluna susan ed1780 20160421 (2)\" width=\"500\" height=\"667\" srcset=\"https:\/\/www.brazilianpress.com\/v1\/wp-content\/uploads\/2016\/04\/coluna-susan-ed1780-20160421-2.jpg 500w, https:\/\/www.brazilianpress.com\/v1\/wp-content\/uploads\/2016\/04\/coluna-susan-ed1780-20160421-2-225x300.jpg 225w\" sizes=\"(max-width: 500px) 100vw, 500px\" \/> <img loading=\"lazy\" class=\"alignnone size-full wp-image-22226\" src=\"http:\/\/www.brazilianpress.com\/v1\/wp-content\/uploads\/2016\/04\/coluna-susan-ed1780-20160421-3.jpg\" alt=\"coluna susan ed1780 20160421 (3)\" width=\"500\" height=\"667\" srcset=\"https:\/\/www.brazilianpress.com\/v1\/wp-content\/uploads\/2016\/04\/coluna-susan-ed1780-20160421-3.jpg 500w, https:\/\/www.brazilianpress.com\/v1\/wp-content\/uploads\/2016\/04\/coluna-susan-ed1780-20160421-3-225x300.jpg 225w\" sizes=\"(max-width: 500px) 100vw, 500px\" \/><\/p>\n","protected":false},"excerpt":{"rendered":"<p>Primavera, Ver\u00e3o, Outono ou Inverno, cada esta\u00e7\u00e3o tem seu encanto dentro do central Park, sempre uma novidade uma descoberta !!<\/p>\n","protected":false},"author":1,"featured_media":22223,"comment_status":"open","ping_status":"open","sticky":false,"template":"","format":"standard","meta":{"_links_to":"","_links_to_target":""},"categories":[4,1],"tags":[],"views":2160,"_links":{"self":[{"href":"https:\/\/www.brazilianpress.com\/v1\/wp-json\/wp\/v2\/posts\/22222"}],"collection":[{"href":"https:\/\/www.brazilianpress.com\/v1\/wp-json\/wp\/v2\/posts"}],"about":[{"href":"https:\/\/www.brazilianpress.com\/v1\/wp-json\/wp\/v2\/types\/post"}],"author":[{"embeddable":true,"href":"https:\/\/www.brazilianpress.com\/v1\/wp-json\/wp\/v2\/users\/1"}],"replies":[{"embeddable":true,"href":"https:\/\/www.brazilianpress.com\/v1\/wp-json\/wp\/v2\/comments?post=22222"}],"version-history":[{"count":1,"href":"https:\/\/www.brazilianpress.com\/v1\/wp-json\/wp\/v2\/posts\/22222\/revisions"}],"predecessor-version":[{"id":22227,"href":"https:\/\/www.brazilianpress.com\/v1\/wp-json\/wp\/v2\/posts\/22222\/revisions\/22227"}],"wp:featuredmedia":[{"embeddable":true,"href":"https:\/\/www.brazilianpress.com\/v1\/wp-json\/wp\/v2\/media\/22223"}],"wp:attachment":[{"href":"https:\/\/www.brazilianpress.com\/v1\/wp-json\/wp\/v2\/media?parent=22222"}],"wp:term":[{"taxonomy":"category","embeddable":true,"href":"https:\/\/www.brazilianpress.com\/v1\/wp-json\/wp\/v2\/categories?post=22222"},{"taxonomy":"post_tag","embeddable":true,"href":"https:\/\/www.brazilianpress.com\/v1\/wp-json\/wp\/v2\/tags?post=22222"}],"curies":[{"name":"wp","href":"https:\/\/api.w.org\/{rel}","templated":true}]}}