{"id":22228,"date":"2016-04-21T11:08:00","date_gmt":"2016-04-21T15:08:00","guid":{"rendered":"http:\/\/www.brazilianpress.com\/v1\/?p=22228"},"modified":"2016-04-21T11:08:00","modified_gmt":"2016-04-21T15:08:00","slug":"as-mulheres-do-clube-de-motociclistas-medusas-realizam-festa-de-10-anos-do-grupo-2","status":"publish","type":"post","link":"https:\/\/www.brazilianpress.com\/v1\/2016\/04\/21\/as-mulheres-do-clube-de-motociclistas-medusas-realizam-festa-de-10-anos-do-grupo-2\/","title":{"rendered":"As Mulheres do Clube de Motociclistas Medusas realizam festa de 10 anos do Grupo"},"content":{"rendered":"<p><img loading=\"lazy\" class=\"alignnone size-full wp-image-22229\" src=\"http:\/\/www.brazilianpress.com\/v1\/wp-content\/uploads\/2016\/04\/Clube-Motoqueiras.jpg\" alt=\"Clube Motoqueiras\" width=\"500\" height=\"281\" srcset=\"https:\/\/www.brazilianpress.com\/v1\/wp-content\/uploads\/2016\/04\/Clube-Motoqueiras.jpg 500w, https:\/\/www.brazilianpress.com\/v1\/wp-content\/uploads\/2016\/04\/Clube-Motoqueiras-300x169.jpg 300w\" sizes=\"(max-width: 500px) 100vw, 500px\" \/><\/p>\n<p><strong><u>Jr.Schutt<\/u><\/strong> &#8211; Liderado por Patrizzia Costa, motociclista super ativa na comunidade, o Moto Clube de Mulheres Medusas, estar\u00e1 realizando festa comemorativa pr\u00f3ximo domingo dia 24 de Abril em Newark.\u00a0<!--more--> Al\u00e9m de participarem com destaque em v\u00e1rios eventos em prol da solidariedade e de promoverem\u00a0 lazer e atletismo na comunidade, bem como preservar as tradi\u00e7\u00f5es e aventuras dos clube de motociclistas, o Grupo Medusa estar\u00e1 celebrando 10 anos desde que foi fundado e tamb\u00e9m na ocasi\u00e3o ser\u00e1 inaugurada a nova sede em Newark. O evento promete muita anima\u00e7\u00e3o, surpresas, aperitivos, drinks e a m\u00fasica fica por conta da DJ Bebel Viana. Domingo 24 de Abril a partir do meio-dia no Cerveja e Canela Restaurante e Bar, 253 Ferry Street em Newark. Visite a p\u00e1gina no Facebook para reservas e informa\u00e7\u00f5es \u00a0\u00a0<a href=\"https:\/\/www.facebook.com\/patrizzia.medusas\">https:\/\/www.facebook.com\/patrizzia.medusas<\/a><\/p>\n","protected":false},"excerpt":{"rendered":"<p>Jr.Schutt &#8211; Liderado por Patrizzia Costa, motociclista super ativa na comunidade, o Moto Clube de Mulheres Medusas, estar\u00e1 realizando festa comemorativa pr\u00f3ximo domingo dia 24 de Abril em Newark.\u00a0<\/p>\n","protected":false},"author":1,"featured_media":22229,"comment_status":"open","ping_status":"open","sticky":false,"template":"","format":"standard","meta":{"_links_to":"","_links_to_target":""},"categories":[4,1],"tags":[],"views":2487,"_links":{"self":[{"href":"https:\/\/www.brazilianpress.com\/v1\/wp-json\/wp\/v2\/posts\/22228"}],"collection":[{"href":"https:\/\/www.brazilianpress.com\/v1\/wp-json\/wp\/v2\/posts"}],"about":[{"href":"https:\/\/www.brazilianpress.com\/v1\/wp-json\/wp\/v2\/types\/post"}],"author":[{"embeddable":true,"href":"https:\/\/www.brazilianpress.com\/v1\/wp-json\/wp\/v2\/users\/1"}],"replies":[{"embeddable":true,"href":"https:\/\/www.brazilianpress.com\/v1\/wp-json\/wp\/v2\/comments?post=22228"}],"version-history":[{"count":1,"href":"https:\/\/www.brazilianpress.com\/v1\/wp-json\/wp\/v2\/posts\/22228\/revisions"}],"predecessor-version":[{"id":22230,"href":"https:\/\/www.brazilianpress.com\/v1\/wp-json\/wp\/v2\/posts\/22228\/revisions\/22230"}],"wp:featuredmedia":[{"embeddable":true,"href":"https:\/\/www.brazilianpress.com\/v1\/wp-json\/wp\/v2\/media\/22229"}],"wp:attachment":[{"href":"https:\/\/www.brazilianpress.com\/v1\/wp-json\/wp\/v2\/media?parent=22228"}],"wp:term":[{"taxonomy":"category","embeddable":true,"href":"https:\/\/www.brazilianpress.com\/v1\/wp-json\/wp\/v2\/categories?post=22228"},{"taxonomy":"post_tag","embeddable":true,"href":"https:\/\/www.brazilianpress.com\/v1\/wp-json\/wp\/v2\/tags?post=22228"}],"curies":[{"name":"wp","href":"https:\/\/api.w.org\/{rel}","templated":true}]}}