{"id":22243,"date":"2016-04-22T05:50:35","date_gmt":"2016-04-22T09:50:35","guid":{"rendered":"http:\/\/www.brazilianpress.com\/v1\/?p=22243"},"modified":"2016-04-22T05:50:35","modified_gmt":"2016-04-22T09:50:35","slug":"oprah-coppola-bobby-brilharam-no-tribeca-nesta-quarta-feira","status":"publish","type":"post","link":"https:\/\/www.brazilianpress.com\/v1\/2016\/04\/22\/oprah-coppola-bobby-brilharam-no-tribeca-nesta-quarta-feira\/","title":{"rendered":"Oprah, Coppola &#038; Bobby brilharam no Tribeca nesta quarta-feira"},"content":{"rendered":"<p><img loading=\"lazy\" class=\"alignnone size-full wp-image-22244\" src=\"http:\/\/www.brazilianpress.com\/v1\/wp-content\/uploads\/2016\/04\/tribeca-2016-83.jpg\" alt=\"tribeca 2016 (8)\" width=\"500\" height=\"333\" srcset=\"https:\/\/www.brazilianpress.com\/v1\/wp-content\/uploads\/2016\/04\/tribeca-2016-83.jpg 500w, https:\/\/www.brazilianpress.com\/v1\/wp-content\/uploads\/2016\/04\/tribeca-2016-83-300x200.jpg 300w\" sizes=\"(max-width: 500px) 100vw, 500px\" \/><\/p>\n<p><em><strong>By Roger Costa . Photos: Luiz Camargo<\/strong><\/em><\/p>\n<p>New York-NY- Na tarde de quarta-feira, 20 de Abril, o Tribeca Film Festival recebeu tr\u00eas grandes personalidades, para dar mais brilho a continuidade das celebra\u00e7\u00f5es do 15\u00ba anivers\u00e1rio do mega Festival de cinema independente que acontece em Lower Manhattan e outros locais da cidade at\u00e9 este domingo, dia 24.<!--more--> O cineasta Francis Ford Coppola, uma das maiores lendas vivas do cinema, realizador da trilogia \u201cO Poderoso Chef\u00e3o\u201d, o \u00e9pico do Vietnam \u201cApocalypse Now\u201d e \u201cDracula\u201d entre outros, participou de um evento especial realizado no SVA Theater, e logo depois a grande estrela popular Americana Oprah Winfrey, cheia de carisma e simplicidade, chegou ao Red Carpet no BMCC Tribeca para a estreia da serie \u201cGreenleaf\u201d, iluminada e sorridente, cumprimentando aos fot\u00f3grafos e todos em volta. Muitos integrantes do elenco estiveram por l\u00e1 tamb\u00e9m com muito glamour e eleg\u00e2ncia, enquanto o \u201cPresidente\u201d do Festival, Mr. Bobby Robert De NIro tamb\u00e9m prestigious o evento participando da festa. Confira as fotos realizadas pelo fotografo Luiz Camargo e acesse <a href=\"http:\/\/www.tribecafilm.com\" target=\"_blank\">www.tribecafilm.com<\/a> para a programa\u00e7\u00e3o completa.<\/p>\n<p><img loading=\"lazy\" class=\"alignnone size-full wp-image-22245\" src=\"http:\/\/www.brazilianpress.com\/v1\/wp-content\/uploads\/2016\/04\/tribeca-2016-110.jpg\" alt=\"tribeca 2016 (1)\" width=\"500\" height=\"333\" srcset=\"https:\/\/www.brazilianpress.com\/v1\/wp-content\/uploads\/2016\/04\/tribeca-2016-110.jpg 500w, https:\/\/www.brazilianpress.com\/v1\/wp-content\/uploads\/2016\/04\/tribeca-2016-110-300x200.jpg 300w\" sizes=\"(max-width: 500px) 100vw, 500px\" \/> <img loading=\"lazy\" class=\"alignnone size-full wp-image-22246\" src=\"http:\/\/www.brazilianpress.com\/v1\/wp-content\/uploads\/2016\/04\/tribeca-2016-26.jpg\" alt=\"tribeca 2016 (2)\" width=\"500\" height=\"361\" srcset=\"https:\/\/www.brazilianpress.com\/v1\/wp-content\/uploads\/2016\/04\/tribeca-2016-26.jpg 500w, https:\/\/www.brazilianpress.com\/v1\/wp-content\/uploads\/2016\/04\/tribeca-2016-26-300x217.jpg 300w\" sizes=\"(max-width: 500px) 100vw, 500px\" \/> <img loading=\"lazy\" class=\"alignnone size-full wp-image-22247\" src=\"http:\/\/www.brazilianpress.com\/v1\/wp-content\/uploads\/2016\/04\/tribeca-2016-34.jpg\" alt=\"tribeca 2016 (3)\" width=\"500\" height=\"333\" srcset=\"https:\/\/www.brazilianpress.com\/v1\/wp-content\/uploads\/2016\/04\/tribeca-2016-34.jpg 500w, https:\/\/www.brazilianpress.com\/v1\/wp-content\/uploads\/2016\/04\/tribeca-2016-34-300x200.jpg 300w\" sizes=\"(max-width: 500px) 100vw, 500px\" \/> <img loading=\"lazy\" class=\"alignnone size-full wp-image-22248\" src=\"http:\/\/www.brazilianpress.com\/v1\/wp-content\/uploads\/2016\/04\/tribeca-2016-42.jpg\" alt=\"tribeca 2016 (4)\" width=\"500\" height=\"333\" srcset=\"https:\/\/www.brazilianpress.com\/v1\/wp-content\/uploads\/2016\/04\/tribeca-2016-42.jpg 500w, https:\/\/www.brazilianpress.com\/v1\/wp-content\/uploads\/2016\/04\/tribeca-2016-42-300x200.jpg 300w\" sizes=\"(max-width: 500px) 100vw, 500px\" \/> <img loading=\"lazy\" class=\"alignnone size-full wp-image-22249\" src=\"http:\/\/www.brazilianpress.com\/v1\/wp-content\/uploads\/2016\/04\/tribeca-2016-52.jpg\" alt=\"tribeca 2016 (5)\" width=\"500\" height=\"342\" srcset=\"https:\/\/www.brazilianpress.com\/v1\/wp-content\/uploads\/2016\/04\/tribeca-2016-52.jpg 500w, https:\/\/www.brazilianpress.com\/v1\/wp-content\/uploads\/2016\/04\/tribeca-2016-52-300x205.jpg 300w\" sizes=\"(max-width: 500px) 100vw, 500px\" \/> <img loading=\"lazy\" class=\"alignnone size-full wp-image-22250\" src=\"http:\/\/www.brazilianpress.com\/v1\/wp-content\/uploads\/2016\/04\/tribeca-2016-62.jpg\" alt=\"tribeca 2016 (6)\" width=\"500\" height=\"341\" srcset=\"https:\/\/www.brazilianpress.com\/v1\/wp-content\/uploads\/2016\/04\/tribeca-2016-62.jpg 500w, https:\/\/www.brazilianpress.com\/v1\/wp-content\/uploads\/2016\/04\/tribeca-2016-62-300x205.jpg 300w\" sizes=\"(max-width: 500px) 100vw, 500px\" \/> <img loading=\"lazy\" class=\"alignnone size-full wp-image-22251\" src=\"http:\/\/www.brazilianpress.com\/v1\/wp-content\/uploads\/2016\/04\/tribeca-2016-72.jpg\" alt=\"tribeca 2016 (7)\" width=\"450\" height=\"675\" srcset=\"https:\/\/www.brazilianpress.com\/v1\/wp-content\/uploads\/2016\/04\/tribeca-2016-72.jpg 450w, https:\/\/www.brazilianpress.com\/v1\/wp-content\/uploads\/2016\/04\/tribeca-2016-72-200x300.jpg 200w\" sizes=\"(max-width: 450px) 100vw, 450px\" \/> <img loading=\"lazy\" class=\"alignnone size-full wp-image-22252\" src=\"http:\/\/www.brazilianpress.com\/v1\/wp-content\/uploads\/2016\/04\/tribeca-2016-92.jpg\" alt=\"tribeca 2016 (9)\" width=\"500\" height=\"333\" srcset=\"https:\/\/www.brazilianpress.com\/v1\/wp-content\/uploads\/2016\/04\/tribeca-2016-92.jpg 500w, https:\/\/www.brazilianpress.com\/v1\/wp-content\/uploads\/2016\/04\/tribeca-2016-92-300x200.jpg 300w\" sizes=\"(max-width: 500px) 100vw, 500px\" \/> <img loading=\"lazy\" class=\"alignnone size-full wp-image-22253\" src=\"http:\/\/www.brazilianpress.com\/v1\/wp-content\/uploads\/2016\/04\/tribeca-2016-103.jpg\" alt=\"tribeca 2016 (10)\" width=\"500\" height=\"333\" srcset=\"https:\/\/www.brazilianpress.com\/v1\/wp-content\/uploads\/2016\/04\/tribeca-2016-103.jpg 500w, https:\/\/www.brazilianpress.com\/v1\/wp-content\/uploads\/2016\/04\/tribeca-2016-103-300x200.jpg 300w\" sizes=\"(max-width: 500px) 100vw, 500px\" \/> <img loading=\"lazy\" class=\"alignnone size-full wp-image-22254\" src=\"http:\/\/www.brazilianpress.com\/v1\/wp-content\/uploads\/2016\/04\/tribeca-2016-112.jpg\" alt=\"tribeca 2016 (11)\" width=\"500\" height=\"333\" srcset=\"https:\/\/www.brazilianpress.com\/v1\/wp-content\/uploads\/2016\/04\/tribeca-2016-112.jpg 500w, https:\/\/www.brazilianpress.com\/v1\/wp-content\/uploads\/2016\/04\/tribeca-2016-112-300x200.jpg 300w\" sizes=\"(max-width: 500px) 100vw, 500px\" \/> <img loading=\"lazy\" class=\"alignnone size-full wp-image-22255\" src=\"http:\/\/www.brazilianpress.com\/v1\/wp-content\/uploads\/2016\/04\/tribeca-2016-121.jpg\" alt=\"tribeca 2016 (12)\" width=\"500\" height=\"333\" srcset=\"https:\/\/www.brazilianpress.com\/v1\/wp-content\/uploads\/2016\/04\/tribeca-2016-121.jpg 500w, https:\/\/www.brazilianpress.com\/v1\/wp-content\/uploads\/2016\/04\/tribeca-2016-121-300x200.jpg 300w\" sizes=\"(max-width: 500px) 100vw, 500px\" \/> <img loading=\"lazy\" class=\"alignnone size-full wp-image-22256\" src=\"http:\/\/www.brazilianpress.com\/v1\/wp-content\/uploads\/2016\/04\/tribeca-2016-131.jpg\" alt=\"tribeca 2016 (13)\" width=\"500\" height=\"333\" srcset=\"https:\/\/www.brazilianpress.com\/v1\/wp-content\/uploads\/2016\/04\/tribeca-2016-131.jpg 500w, https:\/\/www.brazilianpress.com\/v1\/wp-content\/uploads\/2016\/04\/tribeca-2016-131-300x200.jpg 300w\" sizes=\"(max-width: 500px) 100vw, 500px\" \/> <img loading=\"lazy\" class=\"alignnone size-full wp-image-22257\" src=\"http:\/\/www.brazilianpress.com\/v1\/wp-content\/uploads\/2016\/04\/tribeca-2016-141.jpg\" alt=\"tribeca 2016 (14)\" width=\"500\" height=\"333\" srcset=\"https:\/\/www.brazilianpress.com\/v1\/wp-content\/uploads\/2016\/04\/tribeca-2016-141.jpg 500w, https:\/\/www.brazilianpress.com\/v1\/wp-content\/uploads\/2016\/04\/tribeca-2016-141-300x200.jpg 300w\" sizes=\"(max-width: 500px) 100vw, 500px\" \/><\/p>\n","protected":false},"excerpt":{"rendered":"<p>By Roger Costa . Photos: Luiz Camargo New York-NY- Na tarde de quarta-feira, 20 de Abril, o Tribeca Film Festival recebeu tr\u00eas grandes personalidades, para dar mais brilho a continuidade das celebra\u00e7\u00f5es do 15\u00ba anivers\u00e1rio do mega Festival de cinema independente que acontece em Lower Manhattan e outros locais da cidade at\u00e9 este domingo, dia 24.<\/p>\n","protected":false},"author":1,"featured_media":22244,"comment_status":"open","ping_status":"open","sticky":false,"template":"","format":"standard","meta":{"_links_to":"","_links_to_target":""},"categories":[4,19,1],"tags":[],"views":2443,"_links":{"self":[{"href":"https:\/\/www.brazilianpress.com\/v1\/wp-json\/wp\/v2\/posts\/22243"}],"collection":[{"href":"https:\/\/www.brazilianpress.com\/v1\/wp-json\/wp\/v2\/posts"}],"about":[{"href":"https:\/\/www.brazilianpress.com\/v1\/wp-json\/wp\/v2\/types\/post"}],"author":[{"embeddable":true,"href":"https:\/\/www.brazilianpress.com\/v1\/wp-json\/wp\/v2\/users\/1"}],"replies":[{"embeddable":true,"href":"https:\/\/www.brazilianpress.com\/v1\/wp-json\/wp\/v2\/comments?post=22243"}],"version-history":[{"count":1,"href":"https:\/\/www.brazilianpress.com\/v1\/wp-json\/wp\/v2\/posts\/22243\/revisions"}],"predecessor-version":[{"id":22258,"href":"https:\/\/www.brazilianpress.com\/v1\/wp-json\/wp\/v2\/posts\/22243\/revisions\/22258"}],"wp:featuredmedia":[{"embeddable":true,"href":"https:\/\/www.brazilianpress.com\/v1\/wp-json\/wp\/v2\/media\/22244"}],"wp:attachment":[{"href":"https:\/\/www.brazilianpress.com\/v1\/wp-json\/wp\/v2\/media?parent=22243"}],"wp:term":[{"taxonomy":"category","embeddable":true,"href":"https:\/\/www.brazilianpress.com\/v1\/wp-json\/wp\/v2\/categories?post=22243"},{"taxonomy":"post_tag","embeddable":true,"href":"https:\/\/www.brazilianpress.com\/v1\/wp-json\/wp\/v2\/tags?post=22243"}],"curies":[{"name":"wp","href":"https:\/\/api.w.org\/{rel}","templated":true}]}}