{"id":22259,"date":"2016-04-25T17:09:12","date_gmt":"2016-04-25T21:09:12","guid":{"rendered":"http:\/\/www.brazilianpress.com\/v1\/?p=22259"},"modified":"2016-04-28T11:12:10","modified_gmt":"2016-04-28T15:12:10","slug":"valentina-kozlova-international-ballet-competition-inclui-nove-participantes-brasileiros","status":"publish","type":"post","link":"https:\/\/www.brazilianpress.com\/v1\/2016\/04\/25\/valentina-kozlova-international-ballet-competition-inclui-nove-participantes-brasileiros\/","title":{"rendered":"Valentina Kozlova International Ballet Competition inclui nove participantes brasileiros"},"content":{"rendered":"<p><img loading=\"lazy\" class=\"alignnone size-full wp-image-22260\" src=\"http:\/\/www.brazilianpress.com\/v1\/wp-content\/uploads\/2016\/04\/Valentina-Kozlova-International-Ballet-Competition.jpg\" alt=\"Valentina Kozlova International Ballet Competition\" width=\"500\" height=\"297\" srcset=\"https:\/\/www.brazilianpress.com\/v1\/wp-content\/uploads\/2016\/04\/Valentina-Kozlova-International-Ballet-Competition.jpg 500w, https:\/\/www.brazilianpress.com\/v1\/wp-content\/uploads\/2016\/04\/Valentina-Kozlova-International-Ballet-Competition-300x178.jpg 300w\" sizes=\"(max-width: 500px) 100vw, 500px\" \/><\/p>\n<p>Mais de 130 bailarinos de 20 pa\u00edses se reunir\u00e3o em Nova York para dan\u00e7ar para contratos de companhias de dan\u00e7a, bolsas de estudo para maiores academias de dan\u00e7a em torno do mundo, e premios monet\u00e1rios. O concurso acontece 26-30 abril no teatro Symphony Space de New York, situado 2537 Broadway (ao n\u00edvel de 95th St.).<!--more--> Inclu\u00eddos na lista de participantes est\u00e3o nove jovens bailarinos do Brasil:<\/p>\n<p>Youth Division (idades entre 11 e 12)<br \/>\nAna Victoria Cleto e Luisa Costa, Escola de Dan\u00e7a Alice Arja, Rio<br \/>\nCaroline Silva, Centro de Arte e Dan\u00e7a de Campo Grande, Rio<\/p>\n<p>Student Division (idades entre 13 e 14)<br \/>\nMariana Silva, Escola de Dan\u00e7a Alice Arja, Rio<\/p>\n<p>Junior Division (idades entre 15 e 17)<br \/>\nMaria Julia Rocha, Oficina de Dan\u00e7a Fundart, Ubatuba<br \/>\nSofia Tarrago, Pavilhao D, Sao Paulo<br \/>\nBeatriz Do Nascimento de Almeida, Studio De Dan\u00e7aMovimento, Itapetininga<br \/>\nVictoria Mazzoleni, Centro de Arte e Dan\u00e7a de Campo Grande, Rio<br \/>\nFernanda de Oliveira Massi, Ballet Karina Rezende, Londrina<\/p>\n<p>Os bailarinos v\u00e3o dan\u00e7ar solos do repert\u00f3rio cl\u00e1ssico tradicional (Swan Lake, Raymonda, Sleeping Beauty, e mais) visto por de um ilustre grupo de ju\u00edzes internacionais, liderado por Andris Liepa e incluindo Nikolai Tsiskaridze (R\u00fassia), Charles Jude (Fran\u00e7a), Nina Ananiashvili (Georgia), Patricia Aulestia (Mexico), e Olga Guardia de Smoak (Panama).<\/p>\n","protected":false},"excerpt":{"rendered":"<p>Mais de 130 bailarinos de 20 pa\u00edses se reunir\u00e3o em Nova York para dan\u00e7ar para contratos de companhias de dan\u00e7a, bolsas de estudo para maiores academias de dan\u00e7a em torno do mundo, e premios monet\u00e1rios. O concurso acontece 26-30 abril no teatro Symphony Space de New York, situado 2537 Broadway (ao n\u00edvel de 95th St.).<\/p>\n","protected":false},"author":1,"featured_media":22260,"comment_status":"open","ping_status":"open","sticky":false,"template":"","format":"standard","meta":{"_links_to":"","_links_to_target":""},"categories":[4,1],"tags":[],"views":6348,"_links":{"self":[{"href":"https:\/\/www.brazilianpress.com\/v1\/wp-json\/wp\/v2\/posts\/22259"}],"collection":[{"href":"https:\/\/www.brazilianpress.com\/v1\/wp-json\/wp\/v2\/posts"}],"about":[{"href":"https:\/\/www.brazilianpress.com\/v1\/wp-json\/wp\/v2\/types\/post"}],"author":[{"embeddable":true,"href":"https:\/\/www.brazilianpress.com\/v1\/wp-json\/wp\/v2\/users\/1"}],"replies":[{"embeddable":true,"href":"https:\/\/www.brazilianpress.com\/v1\/wp-json\/wp\/v2\/comments?post=22259"}],"version-history":[{"count":1,"href":"https:\/\/www.brazilianpress.com\/v1\/wp-json\/wp\/v2\/posts\/22259\/revisions"}],"predecessor-version":[{"id":22261,"href":"https:\/\/www.brazilianpress.com\/v1\/wp-json\/wp\/v2\/posts\/22259\/revisions\/22261"}],"wp:featuredmedia":[{"embeddable":true,"href":"https:\/\/www.brazilianpress.com\/v1\/wp-json\/wp\/v2\/media\/22260"}],"wp:attachment":[{"href":"https:\/\/www.brazilianpress.com\/v1\/wp-json\/wp\/v2\/media?parent=22259"}],"wp:term":[{"taxonomy":"category","embeddable":true,"href":"https:\/\/www.brazilianpress.com\/v1\/wp-json\/wp\/v2\/categories?post=22259"},{"taxonomy":"post_tag","embeddable":true,"href":"https:\/\/www.brazilianpress.com\/v1\/wp-json\/wp\/v2\/tags?post=22259"}],"curies":[{"name":"wp","href":"https:\/\/api.w.org\/{rel}","templated":true}]}}