{"id":22273,"date":"2016-04-28T07:53:14","date_gmt":"2016-04-28T11:53:14","guid":{"rendered":"http:\/\/www.brazilianpress.com\/v1\/?p=22273"},"modified":"2016-05-05T09:17:14","modified_gmt":"2016-05-05T13:17:14","slug":"social-press-28042016","status":"publish","type":"post","link":"https:\/\/www.brazilianpress.com\/v1\/2016\/04\/28\/social-press-28042016\/","title":{"rendered":"Social Press . 28\/04\/2016"},"content":{"rendered":"<p><strong><em><img loading=\"lazy\" class=\"alignnone size-full wp-image-22263\" src=\"http:\/\/www.brazilianpress.com\/v1\/wp-content\/uploads\/2016\/04\/social-press-ed1781-20160428-1.jpg\" alt=\"social press ed1781 20160428 (1)\" width=\"450\" height=\"300\" srcset=\"https:\/\/www.brazilianpress.com\/v1\/wp-content\/uploads\/2016\/04\/social-press-ed1781-20160428-1.jpg 450w, https:\/\/www.brazilianpress.com\/v1\/wp-content\/uploads\/2016\/04\/social-press-ed1781-20160428-1-300x200.jpg 300w\" sizes=\"(max-width: 450px) 100vw, 450px\" \/><br \/>\nNossos votos de muitas felicidades ao casal Eduardo Carvalho e Maria Loriane, confirmaram a uni\u00e3o com bel\u00edssima cerim\u00f4nia em Newark.<\/em><\/strong><\/p>\n<p><strong><em><img loading=\"lazy\" class=\"alignnone size-full wp-image-22264\" src=\"http:\/\/www.brazilianpress.com\/v1\/wp-content\/uploads\/2016\/04\/social-press-ed1781-20160428-2.jpg\" alt=\"social press ed1781 20160428 (2)\" width=\"450\" height=\"450\" srcset=\"https:\/\/www.brazilianpress.com\/v1\/wp-content\/uploads\/2016\/04\/social-press-ed1781-20160428-2.jpg 450w, https:\/\/www.brazilianpress.com\/v1\/wp-content\/uploads\/2016\/04\/social-press-ed1781-20160428-2-150x150.jpg 150w, https:\/\/www.brazilianpress.com\/v1\/wp-content\/uploads\/2016\/04\/social-press-ed1781-20160428-2-300x300.jpg 300w\" sizes=\"(max-width: 450px) 100vw, 450px\" \/><br \/>\nAlissa&#8217;s\u00a0 Sweet 16 , happy birthday, que Deus ilumine seus caminhos, parab\u00e9ns aos pais\u00a0 Pedro e Viviane.<\/em><\/strong><\/p>\n<p><strong><em><img loading=\"lazy\" class=\"alignnone size-full wp-image-22265\" src=\"http:\/\/www.brazilianpress.com\/v1\/wp-content\/uploads\/2016\/04\/social-press-ed1781-20160428-3.jpg\" alt=\"social press ed1781 20160428 (3)\" width=\"450\" height=\"271\" srcset=\"https:\/\/www.brazilianpress.com\/v1\/wp-content\/uploads\/2016\/04\/social-press-ed1781-20160428-3.jpg 450w, https:\/\/www.brazilianpress.com\/v1\/wp-content\/uploads\/2016\/04\/social-press-ed1781-20160428-3-300x181.jpg 300w\" sizes=\"(max-width: 450px) 100vw, 450px\" \/><br \/>\nJos\u00e9 Moreira, todo sorridente, homem guerreiro e\u00a0 trabalhador. Com uma equipe toda renovada e cheio de novidades para melhor servir.\u00a0 Na foto com as barmaids\u00a0 Amanda e Nakita.<\/em><\/strong><!--more--><\/p>\n<p><strong><em><img loading=\"lazy\" class=\"alignnone size-full wp-image-22266\" src=\"http:\/\/www.brazilianpress.com\/v1\/wp-content\/uploads\/2016\/04\/social-press-ed1781-20160428-4.jpg\" alt=\"social press ed1781 20160428 (4)\" width=\"450\" height=\"337\" srcset=\"https:\/\/www.brazilianpress.com\/v1\/wp-content\/uploads\/2016\/04\/social-press-ed1781-20160428-4.jpg 450w, https:\/\/www.brazilianpress.com\/v1\/wp-content\/uploads\/2016\/04\/social-press-ed1781-20160428-4-300x225.jpg 300w\" sizes=\"(max-width: 450px) 100vw, 450px\" \/><br \/>\nMar de Gente: Leandro Duarte e Anelise, Aninha e Victor, Polaco e Carol curtiram o som eletrizante da Banda O Rappa no Melrose Ballroom em NY.<\/em><\/strong><\/p>\n<p><strong><em><img loading=\"lazy\" class=\"alignnone size-full wp-image-22267\" src=\"http:\/\/www.brazilianpress.com\/v1\/wp-content\/uploads\/2016\/04\/social-press-ed1781-20160428-5.jpg\" alt=\"social press ed1781 20160428 (5)\" width=\"400\" height=\"518\" srcset=\"https:\/\/www.brazilianpress.com\/v1\/wp-content\/uploads\/2016\/04\/social-press-ed1781-20160428-5.jpg 400w, https:\/\/www.brazilianpress.com\/v1\/wp-content\/uploads\/2016\/04\/social-press-ed1781-20160428-5-232x300.jpg 232w\" sizes=\"(max-width: 400px) 100vw, 400px\" \/><br \/>\nO astro Pel\u00e9 conversou com o Brazilian Press durante World Premi\u00e8re do bi\u00f3pico \u201cPel\u00e9-Birth of a Legend\u201d no Tribeca Film Festival.<\/em><\/strong><\/p>\n<p><strong><em><img loading=\"lazy\" class=\"alignnone size-full wp-image-22268\" src=\"http:\/\/www.brazilianpress.com\/v1\/wp-content\/uploads\/2016\/04\/social-press-ed1781-20160428-6.jpg\" alt=\"social press ed1781 20160428 (6)\" width=\"400\" height=\"471\" srcset=\"https:\/\/www.brazilianpress.com\/v1\/wp-content\/uploads\/2016\/04\/social-press-ed1781-20160428-6.jpg 400w, https:\/\/www.brazilianpress.com\/v1\/wp-content\/uploads\/2016\/04\/social-press-ed1781-20160428-6-255x300.jpg 255w\" sizes=\"(max-width: 400px) 100vw, 400px\" \/><br \/>\nLiderado pela estonteante Patr\u00edcia Costa, o grupo de motociclistas Medusas realizaram Festa de 10 anos com muita divers\u00e3o, garra feminina e aventuras!<\/em><\/strong><\/p>\n<p><strong><em><img loading=\"lazy\" class=\"alignnone size-full wp-image-22269\" src=\"http:\/\/www.brazilianpress.com\/v1\/wp-content\/uploads\/2016\/04\/social-press-ed1781-20160428-7.jpg\" alt=\"social press ed1781 20160428 (7)\" width=\"450\" height=\"300\" srcset=\"https:\/\/www.brazilianpress.com\/v1\/wp-content\/uploads\/2016\/04\/social-press-ed1781-20160428-7.jpg 450w, https:\/\/www.brazilianpress.com\/v1\/wp-content\/uploads\/2016\/04\/social-press-ed1781-20160428-7-300x200.jpg 300w\" sizes=\"(max-width: 450px) 100vw, 450px\" \/><br \/>\nFelicita\u00e7\u00f5es ao casal Carmen e Bruno, desfrutando da culin\u00e1ria t\u00edpica portuguesa no Picnic BBQ &amp; Restaurant enquanto aguardam a chegada dos g\u00eameos!<\/em><\/strong><\/p>\n<p><strong><em><img loading=\"lazy\" class=\"alignnone size-full wp-image-22270\" src=\"http:\/\/www.brazilianpress.com\/v1\/wp-content\/uploads\/2016\/04\/social-press-ed1781-20160428-8.jpg\" alt=\"social press ed1781 20160428 (8)\" width=\"300\" height=\"537\" srcset=\"https:\/\/www.brazilianpress.com\/v1\/wp-content\/uploads\/2016\/04\/social-press-ed1781-20160428-8.jpg 300w, https:\/\/www.brazilianpress.com\/v1\/wp-content\/uploads\/2016\/04\/social-press-ed1781-20160428-8-168x300.jpg 168w\" sizes=\"(max-width: 300px) 100vw, 300px\" \/><br \/>\nHappy birthday\u00a0 e votos de muitas felicidades ao\u00a0 popular e aniversariante da Elias, parab\u00e9ns!!<\/em><\/strong><\/p>\n","protected":false},"excerpt":{"rendered":"<p>Nossos votos de muitas felicidades ao casal Eduardo Carvalho e Maria Loriane, confirmaram a uni\u00e3o com bel\u00edssima cerim\u00f4nia em Newark. Alissa&#8217;s\u00a0 Sweet 16 , happy birthday, que Deus ilumine seus caminhos, parab\u00e9ns aos pais\u00a0 Pedro e Viviane. Jos\u00e9 Moreira, todo sorridente, homem guerreiro e\u00a0 trabalhador. Com uma equipe toda renovada e cheio de novidades para melhor servir.\u00a0 Na foto com as barmaids\u00a0 Amanda e Nakita.<\/p>\n","protected":false},"author":1,"featured_media":22263,"comment_status":"open","ping_status":"open","sticky":false,"template":"","format":"standard","meta":{"_links_to":"","_links_to_target":""},"categories":[4,1,6],"tags":[],"views":2147,"_links":{"self":[{"href":"https:\/\/www.brazilianpress.com\/v1\/wp-json\/wp\/v2\/posts\/22273"}],"collection":[{"href":"https:\/\/www.brazilianpress.com\/v1\/wp-json\/wp\/v2\/posts"}],"about":[{"href":"https:\/\/www.brazilianpress.com\/v1\/wp-json\/wp\/v2\/types\/post"}],"author":[{"embeddable":true,"href":"https:\/\/www.brazilianpress.com\/v1\/wp-json\/wp\/v2\/users\/1"}],"replies":[{"embeddable":true,"href":"https:\/\/www.brazilianpress.com\/v1\/wp-json\/wp\/v2\/comments?post=22273"}],"version-history":[{"count":1,"href":"https:\/\/www.brazilianpress.com\/v1\/wp-json\/wp\/v2\/posts\/22273\/revisions"}],"predecessor-version":[{"id":22274,"href":"https:\/\/www.brazilianpress.com\/v1\/wp-json\/wp\/v2\/posts\/22273\/revisions\/22274"}],"wp:featuredmedia":[{"embeddable":true,"href":"https:\/\/www.brazilianpress.com\/v1\/wp-json\/wp\/v2\/media\/22263"}],"wp:attachment":[{"href":"https:\/\/www.brazilianpress.com\/v1\/wp-json\/wp\/v2\/media?parent=22273"}],"wp:term":[{"taxonomy":"category","embeddable":true,"href":"https:\/\/www.brazilianpress.com\/v1\/wp-json\/wp\/v2\/categories?post=22273"},{"taxonomy":"post_tag","embeddable":true,"href":"https:\/\/www.brazilianpress.com\/v1\/wp-json\/wp\/v2\/tags?post=22273"}],"curies":[{"name":"wp","href":"https:\/\/api.w.org\/{rel}","templated":true}]}}