{"id":22280,"date":"2016-04-28T10:46:33","date_gmt":"2016-04-28T14:46:33","guid":{"rendered":"http:\/\/www.brazilianpress.com\/v1\/?p=22280"},"modified":"2016-04-28T10:46:33","modified_gmt":"2016-04-28T14:46:33","slug":"francisco-sampa-a-hipocrisia-de-parte-do-povo-e-da-esquerda-brasileira","status":"publish","type":"post","link":"https:\/\/www.brazilianpress.com\/v1\/2016\/04\/28\/francisco-sampa-a-hipocrisia-de-parte-do-povo-e-da-esquerda-brasileira\/","title":{"rendered":"Francisco Sampa: A hipocrisia de parte do povo e da esquerda brasileira"},"content":{"rendered":"<p><img loading=\"lazy\" class=\"alignright size-full wp-image-94\" src=\"http:\/\/www.brazilianpress.com\/v1\/wp-content\/uploads\/2013\/04\/francisco_sampa.jpg\" alt=\"francisco_sampa\" width=\"200\" height=\"300\" \/>O pa\u00eds em uma fase de indecis\u00e3o pol\u00edtica e econ\u00f4mica. O espet\u00e1culo do dia 17 de abril foi um dos piores\u00a0que j\u00e1 assisti em 58 anos de\u00a0vida. O povo reclama da qualidade dos nossos pol\u00edticos. Baseado na pergunta que ecoa por todo o Brasil, feita por nossa gente, essa eu me atrevo a responder, \u00e9 f\u00e1cil<!--more-->, todos os membros do Congresso Nacional sa\u00edram do meio\u00a0do povo e foram escolhidos por n\u00f3s, portanto, eles s\u00e3o o retrato vivo da gente brasileira, sendo assim amigos, n\u00e3o reclamem,\u00a0n\u00f3s os colocamos l\u00e1. Sem muita pretens\u00e3o deixo aqui um conselho aos tr\u00eas podres poderes do Brasil, se continuar nessa estrada ser\u00e1 o novo pa\u00eds da Am\u00e9rica do Sul: A REP\u00daBLICA BANANEIRA DE BRAZUELA, mistura de\u00a0Brasil com Venezuela.<\/p>\n<p>Pois bem, vamos \u00e0s\u00a0dicas:<\/p>\n<ol>\n<li>O or\u00e7amento deve ser equilibrado.<\/li>\n<li>O tesouro p\u00fablico deve ser reposto, a d\u00edvida p\u00fablica deve ser reduzida, a arrog\u00e2ncia dos funcion\u00e1rios p\u00fablicos deve ser moderada e controlada e a ajuda a outros pa\u00edses deve ser eliminada.<\/li>\n<\/ol>\n<p>Para que Roma n\u00e3o\u00a0v\u00e1 \u00e0 fal\u00eancia,\u00a0isso mesmo\u00a0que acabaram de ler, as pessoas devem novamente aprender a trabalhar, em vez de viver \u00e0s custas do estado, leia-se: os tais programas sociais da esquerda vermelha ditatorial brasileira. Amigos leitores, estes conselhos s\u00e3o de autoria de Tulio C\u00edcero, senador romano 55 antes de Cristo, e j\u00e1 se passaram 2071 anos, mas\u00a0serve muito bem para o Brasil e para os brasileiros nos dias de\u00a0hoje. A vota\u00e7\u00e3o de abertura\u00a0do processo de\u00a0impeachment foi um espet\u00e1culo hil\u00e1rio, especialmente o discurso da esquerda vermelha xiita. Deixo aqui\u00a0algumas perguntas aos vermelhos que tanto\u00a0falam em democracia:<\/p>\n<p>1 &#8211; Qual\u00a0a democracia que existe na Cuba dos irm\u00e3os\u00a0Castro?<\/p>\n<p>2 \u2013 Por que\u00a0todo\u00a0esquerdista\u00a0n\u00e3o guarda dinheiro em Cuba e manda para a Su\u00ed\u00e7a?<\/p>\n<p>3 \u2013 Por que os filhos deles viajam para a Disney ao inv\u00e9s de Cuba, Coreia do Norte, Bol\u00edvia ou Venezuela?<\/p>\n<p>4 &#8211; Dentre outras perguntas, j\u00e1 que em Cuba a vida\u00a0\u00e9 t\u00e3o boa e os EUA o drag\u00e3o\u00a0do mal, por que n\u00e3o se mudam para la\u00a0Isla\u00a0e v\u00e3o fumar charuto\u00a0com\u00a0os Castro e cortar cana para los hermanos?<\/p>\n<p>Um dos pilares da democracia \u00e9 conviver com\u00a0opini\u00f5es contr\u00e1rias, mas no Brasil da atualidade n\u00e3o podemos ter\u00a0opini\u00e3o contr\u00e1ria aos vermelhos de plant\u00e3o, sob o risco de sermos taxados de golpistas. A toler\u00e2ncia e a hipocrisia de parte do povo e da esquerda \u00e9 algo dif\u00edcil de entender. S\u00f3 nos\u00a0resta torcer para\u00a0que o povo abra\u00a0os olhos e n\u00e3o se deixe enganar como os cubanos nos anos 50, na democracia socialista cubana falou mal leva bala&#8230; sugiro\u00a0\u00a0\u00a0aos nossos vermelhos de plant\u00e3o que comprem uma passagem para Cuba e desfrutem do sol do\u00a0Caribe, mas aten\u00e7\u00e3o,\u00a0l\u00e1\u00a0tem\u00a0que trabalhar, e muito, desviou verba\u00a0el paredon\u00a0est\u00e1 sempre\u00a0\u00e0 disposi\u00e7\u00e3o para\u00a0o envio \u00e0 terra dos p\u00e9s juntos. Espero que essa novela do impeachment seja logo resolvida e\u00a0este barco chamado Brasil siga\u00a0em dire\u00e7\u00e3o a um porto seguro e honesto sem piratas ou petralhas\u00a0no tim\u00e3o. Vamos esperar, orar e vigiar. Como\u00a0est\u00e1\u00a0n\u00e3o podemos ficar.<\/p>\n","protected":false},"excerpt":{"rendered":"<p>O pa\u00eds em uma fase de indecis\u00e3o pol\u00edtica e econ\u00f4mica. O espet\u00e1culo do dia 17 de abril foi um dos piores\u00a0que j\u00e1 assisti em 58 anos de\u00a0vida. O povo reclama da qualidade dos nossos pol\u00edticos. Baseado na pergunta que ecoa por todo o Brasil, feita por nossa gente, essa eu me atrevo a responder, \u00e9 f\u00e1cil<\/p>\n","protected":false},"author":1,"featured_media":94,"comment_status":"open","ping_status":"open","sticky":false,"template":"","format":"standard","meta":{"_links_to":"","_links_to_target":""},"categories":[17,1],"tags":[],"views":10701,"_links":{"self":[{"href":"https:\/\/www.brazilianpress.com\/v1\/wp-json\/wp\/v2\/posts\/22280"}],"collection":[{"href":"https:\/\/www.brazilianpress.com\/v1\/wp-json\/wp\/v2\/posts"}],"about":[{"href":"https:\/\/www.brazilianpress.com\/v1\/wp-json\/wp\/v2\/types\/post"}],"author":[{"embeddable":true,"href":"https:\/\/www.brazilianpress.com\/v1\/wp-json\/wp\/v2\/users\/1"}],"replies":[{"embeddable":true,"href":"https:\/\/www.brazilianpress.com\/v1\/wp-json\/wp\/v2\/comments?post=22280"}],"version-history":[{"count":1,"href":"https:\/\/www.brazilianpress.com\/v1\/wp-json\/wp\/v2\/posts\/22280\/revisions"}],"predecessor-version":[{"id":22281,"href":"https:\/\/www.brazilianpress.com\/v1\/wp-json\/wp\/v2\/posts\/22280\/revisions\/22281"}],"wp:featuredmedia":[{"embeddable":true,"href":"https:\/\/www.brazilianpress.com\/v1\/wp-json\/wp\/v2\/media\/94"}],"wp:attachment":[{"href":"https:\/\/www.brazilianpress.com\/v1\/wp-json\/wp\/v2\/media?parent=22280"}],"wp:term":[{"taxonomy":"category","embeddable":true,"href":"https:\/\/www.brazilianpress.com\/v1\/wp-json\/wp\/v2\/categories?post=22280"},{"taxonomy":"post_tag","embeddable":true,"href":"https:\/\/www.brazilianpress.com\/v1\/wp-json\/wp\/v2\/tags?post=22280"}],"curies":[{"name":"wp","href":"https:\/\/api.w.org\/{rel}","templated":true}]}}