{"id":22827,"date":"2016-06-02T12:37:40","date_gmt":"2016-06-02T16:37:40","guid":{"rendered":"http:\/\/www.brazilianpress.com\/v1\/?p=22827"},"modified":"2016-06-02T12:37:40","modified_gmt":"2016-06-02T16:37:40","slug":"plano-da-oms-contra-zika-so-recebeu-13-de-financiamento","status":"publish","type":"post","link":"https:\/\/www.brazilianpress.com\/v1\/2016\/06\/02\/plano-da-oms-contra-zika-so-recebeu-13-de-financiamento\/","title":{"rendered":"Plano da OMS contra zika s\u00f3 recebeu 13% de financiamento"},"content":{"rendered":"<p><img loading=\"lazy\" class=\"alignnone size-full wp-image-22828\" src=\"http:\/\/www.brazilianpress.com\/v1\/wp-content\/uploads\/2016\/06\/OMS-zika.jpg\" alt=\"_OMS zika\" width=\"500\" height=\"337\" srcset=\"https:\/\/www.brazilianpress.com\/v1\/wp-content\/uploads\/2016\/06\/OMS-zika.jpg 500w, https:\/\/www.brazilianpress.com\/v1\/wp-content\/uploads\/2016\/06\/OMS-zika-300x202.jpg 300w\" sizes=\"(max-width: 500px) 100vw, 500px\" \/><\/p>\n<p>O programa da Organiza\u00e7\u00e3o Mundial da Sa\u00fade para a luta contra a epidemia de zika recebeu apenas 13% do financiamento esperado, o que compromete os esfor\u00e7os para conter a propaga\u00e7\u00e3o do v\u00edrus, alertou na segunda-feira a OMS.<\/p>\n<p>No entanto, esta falta de financiamento n\u00e3o ter\u00e1 um grande impacto sobre os Jogos Ol\u00edmpicos do Rio de Janeiro, que ser\u00e3o realizados em agosto, declarou a porta-voz da OMS, Nyka Alexander.<!--more--><\/p>\n<p>A ag\u00eancia das Na\u00e7\u00f5es Unidas rejeitou na semana passada um recurso apresentado por 150 m\u00e9dicos em todo o mundo para uma mudan\u00e7a de data ou local dos pr\u00f3ximos Jogos Ol\u00edmpicos, uma vez que o Brasil \u00e9 o mais afetado pelo surto de zika.<\/p>\n<p>&#8220;Nossa maior preocupa\u00e7\u00e3o \u00e9 a sa\u00fade p\u00fablica mundial. A cepa brasileira do zika v\u00edrus afeta a sa\u00fade de maneiras que a ci\u00eancia nunca havia observado antes&#8221;, disseram na carta m\u00e9dicos e pesquisadores das principais universidades do mundo.<\/p>\n<p>A OMS estimou que mudar os Jogos n\u00e3o modificaria radicalmente os riscos de propaga\u00e7\u00e3o do v\u00edrus no mundo, mas incentivou os atletas e visitantes a tomarem precau\u00e7\u00f5es extras para se proteger dos mosquitos vetores da epidemia.<\/p>\n<p>A organiza\u00e7\u00e3o tem aconselhado as mulheres gr\u00e1vidas ou que planejam ter um beb\u00ea num futuro pr\u00f3ximo a evitar viagens ao Brasil.<\/p>\n<p>O v\u00edrus pode causar microcefalia fetal e doen\u00e7as neurol\u00f3gicas em adultos, incluindo a s\u00edndrome de Guillain-Barr\u00e9.<\/p>\n<p>A OMS prestou assessoria t\u00e9cnica ao Minist\u00e9rio da Sa\u00fade do Brasil para enfrentar a crise de zika, que j\u00e1 contaminou um milh\u00e3o e meio de pessoas no Brasil desde 2015, disse Alexander.<\/p>\n<p>&#8220;A implementa\u00e7\u00e3o das orienta\u00e7\u00f5es da OMS \u00e9 assegurada por outras fontes de financiamento, incluindo o governo brasileiro, e, portanto, os problemas or\u00e7ament\u00e1rios inerentes \u00e0 ONU ter\u00e3o um impacto limitado sobre o curso dos Jogos Ol\u00edmpicos&#8221;, garantiu.<\/p>\n<p>O or\u00e7amento do programa zika foi avaliado em 15,9 milh\u00f5es de euros.<\/p>\n<p>&#8220;Dito isto, \u00e9 evidente que a capacidade da OMS para apoiar os sessenta pa\u00edses atualmente afetados pelo v\u00edrus zika &#8211; e aqueles que se prepararam para a chegada da epidemia &#8211; est\u00e1 seriamente comprometida, e assim continuar\u00e1 se outros parceiros da sa\u00fade n\u00e3o forem financiados de forma adequada&#8221;, acrescentou o porta-voz.<\/p>\n<p>Os principais focos da epidemia est\u00e3o nos pa\u00edses da Am\u00e9rica do Sul. O plano regional contra o v\u00edrus, avaliado em 7,3 milh\u00f5es de euros pela Organiza\u00e7\u00e3o Pan-Americana da Sa\u00fade, foi financiado at\u00e9 o momento em 20%, indicou a OMS em um relat\u00f3rio.<\/p>\n","protected":false},"excerpt":{"rendered":"<p>O programa da Organiza\u00e7\u00e3o Mundial da Sa\u00fade para a luta contra a epidemia de zika recebeu apenas 13% do financiamento esperado, o que compromete os esfor\u00e7os para conter a propaga\u00e7\u00e3o do v\u00edrus, alertou na segunda-feira a OMS. No entanto, esta falta de financiamento n\u00e3o ter\u00e1 um grande impacto sobre os Jogos Ol\u00edmpicos do Rio de Janeiro, que ser\u00e3o realizados em agosto, declarou a porta-voz da OMS, Nyka Alexander.<\/p>\n","protected":false},"author":1,"featured_media":22828,"comment_status":"open","ping_status":"open","sticky":false,"template":"","format":"standard","meta":{"_links_to":"","_links_to_target":""},"categories":[8,1],"tags":[],"views":1843,"_links":{"self":[{"href":"https:\/\/www.brazilianpress.com\/v1\/wp-json\/wp\/v2\/posts\/22827"}],"collection":[{"href":"https:\/\/www.brazilianpress.com\/v1\/wp-json\/wp\/v2\/posts"}],"about":[{"href":"https:\/\/www.brazilianpress.com\/v1\/wp-json\/wp\/v2\/types\/post"}],"author":[{"embeddable":true,"href":"https:\/\/www.brazilianpress.com\/v1\/wp-json\/wp\/v2\/users\/1"}],"replies":[{"embeddable":true,"href":"https:\/\/www.brazilianpress.com\/v1\/wp-json\/wp\/v2\/comments?post=22827"}],"version-history":[{"count":1,"href":"https:\/\/www.brazilianpress.com\/v1\/wp-json\/wp\/v2\/posts\/22827\/revisions"}],"predecessor-version":[{"id":22829,"href":"https:\/\/www.brazilianpress.com\/v1\/wp-json\/wp\/v2\/posts\/22827\/revisions\/22829"}],"wp:featuredmedia":[{"embeddable":true,"href":"https:\/\/www.brazilianpress.com\/v1\/wp-json\/wp\/v2\/media\/22828"}],"wp:attachment":[{"href":"https:\/\/www.brazilianpress.com\/v1\/wp-json\/wp\/v2\/media?parent=22827"}],"wp:term":[{"taxonomy":"category","embeddable":true,"href":"https:\/\/www.brazilianpress.com\/v1\/wp-json\/wp\/v2\/categories?post=22827"},{"taxonomy":"post_tag","embeddable":true,"href":"https:\/\/www.brazilianpress.com\/v1\/wp-json\/wp\/v2\/tags?post=22827"}],"curies":[{"name":"wp","href":"https:\/\/api.w.org\/{rel}","templated":true}]}}