{"id":22830,"date":"2016-06-02T12:39:14","date_gmt":"2016-06-02T16:39:14","guid":{"rendered":"http:\/\/www.brazilianpress.com\/v1\/?p=22830"},"modified":"2016-06-06T15:58:48","modified_gmt":"2016-06-06T19:58:48","slug":"bolivia-pede-extradicao-de-brasileiros-que-mataram-policial","status":"publish","type":"post","link":"https:\/\/www.brazilianpress.com\/v1\/2016\/06\/02\/bolivia-pede-extradicao-de-brasileiros-que-mataram-policial\/","title":{"rendered":"Bol\u00edvia pede extradi\u00e7\u00e3o de brasileiros que mataram policial"},"content":{"rendered":"<p><img loading=\"lazy\" class=\"alignnone size-full wp-image-22831\" src=\"http:\/\/www.brazilianpress.com\/v1\/wp-content\/uploads\/2016\/06\/bolivia.jpg\" alt=\"_bolivia\" width=\"500\" height=\"415\" srcset=\"https:\/\/www.brazilianpress.com\/v1\/wp-content\/uploads\/2016\/06\/bolivia.jpg 500w, https:\/\/www.brazilianpress.com\/v1\/wp-content\/uploads\/2016\/06\/bolivia-300x249.jpg 300w\" sizes=\"(max-width: 500px) 100vw, 500px\" \/><\/p>\n<p>O ministro boliviano do Governo (Interior), Carlos Romero, solicitou ao Brasil a extradi\u00e7\u00e3o de dois cidad\u00e3os brasileiros acusados pela morte no domingo, de um policial que tentou impedir um roubo na localidade fronteiri\u00e7a Porto Evo Morales (norte).<!--more--><\/p>\n<p>&#8220;Ministro Romero pede a extradi\u00e7\u00e3o dos assassinos de um cabo em um assalto na fronteira com o Brasil&#8221;, afirma um comunicado divulgado no domingo pelo Minist\u00e9rio do Governo, que \u00e9 respons\u00e1vel pela seguran\u00e7a interna.<\/p>\n<p>Outra nota afirma que o policial morreu &#8220;ao enfrentar dois assaltantes armados em uma loja na fronteira com o Brasil&#8221;.<\/p>\n<p>O policial boliviano morreu ao receber um tiro na cabe\u00e7a quando tentava ajudar a propriet\u00e1ria de uma loja de roupas que os dois brasileiros pretendiam assaltar, de acordo com as autoridades.<\/p>\n<p>O crime aconteceu em Porto Evo Morales, na fronteira com o Brasil. &#8220;Ele enfrentou os assaltantes e foi morto&#8221;, disse Edgar Ramiro T\u00e9llez, comandante geral da pol\u00edcia boliviana \u00e0 ag\u00eancia estatal de not\u00edcias ABI. T\u00e9llez afirmou que os autores do crime fugiram para seu pa\u00eds, mas foram detidos pelas autoridades brasileiras.<\/p>\n","protected":false},"excerpt":{"rendered":"<p>O ministro boliviano do Governo (Interior), Carlos Romero, solicitou ao Brasil a extradi\u00e7\u00e3o de dois cidad\u00e3os brasileiros acusados pela morte no domingo, de um policial que tentou impedir um roubo na localidade fronteiri\u00e7a Porto Evo Morales (norte).<\/p>\n","protected":false},"author":1,"featured_media":22831,"comment_status":"open","ping_status":"open","sticky":false,"template":"","format":"standard","meta":{"_links_to":"","_links_to_target":""},"categories":[8,1],"tags":[],"views":1935,"_links":{"self":[{"href":"https:\/\/www.brazilianpress.com\/v1\/wp-json\/wp\/v2\/posts\/22830"}],"collection":[{"href":"https:\/\/www.brazilianpress.com\/v1\/wp-json\/wp\/v2\/posts"}],"about":[{"href":"https:\/\/www.brazilianpress.com\/v1\/wp-json\/wp\/v2\/types\/post"}],"author":[{"embeddable":true,"href":"https:\/\/www.brazilianpress.com\/v1\/wp-json\/wp\/v2\/users\/1"}],"replies":[{"embeddable":true,"href":"https:\/\/www.brazilianpress.com\/v1\/wp-json\/wp\/v2\/comments?post=22830"}],"version-history":[{"count":1,"href":"https:\/\/www.brazilianpress.com\/v1\/wp-json\/wp\/v2\/posts\/22830\/revisions"}],"predecessor-version":[{"id":22832,"href":"https:\/\/www.brazilianpress.com\/v1\/wp-json\/wp\/v2\/posts\/22830\/revisions\/22832"}],"wp:featuredmedia":[{"embeddable":true,"href":"https:\/\/www.brazilianpress.com\/v1\/wp-json\/wp\/v2\/media\/22831"}],"wp:attachment":[{"href":"https:\/\/www.brazilianpress.com\/v1\/wp-json\/wp\/v2\/media?parent=22830"}],"wp:term":[{"taxonomy":"category","embeddable":true,"href":"https:\/\/www.brazilianpress.com\/v1\/wp-json\/wp\/v2\/categories?post=22830"},{"taxonomy":"post_tag","embeddable":true,"href":"https:\/\/www.brazilianpress.com\/v1\/wp-json\/wp\/v2\/tags?post=22830"}],"curies":[{"name":"wp","href":"https:\/\/api.w.org\/{rel}","templated":true}]}}