{"id":22836,"date":"2016-06-02T12:52:42","date_gmt":"2016-06-02T16:52:42","guid":{"rendered":"http:\/\/www.brazilianpress.com\/v1\/?p=22836"},"modified":"2016-06-02T12:52:42","modified_gmt":"2016-06-02T16:52:42","slug":"ministro-argentino-diz-que-crise-do-brasil-ira-provocar-queda-do-pib-do-pais","status":"publish","type":"post","link":"https:\/\/www.brazilianpress.com\/v1\/2016\/06\/02\/ministro-argentino-diz-que-crise-do-brasil-ira-provocar-queda-do-pib-do-pais\/","title":{"rendered":"Ministro argentino diz que crise do Brasil ir\u00e1 provocar queda do PIB do pa\u00eds"},"content":{"rendered":"<p><img loading=\"lazy\" class=\"alignnone size-full wp-image-22837\" src=\"http:\/\/www.brazilianpress.com\/v1\/wp-content\/uploads\/2016\/06\/Alfonso-Prat-Gay..jpg\" alt=\"_Alfonso Prat-Gay.\" width=\"500\" height=\"375\" srcset=\"https:\/\/www.brazilianpress.com\/v1\/wp-content\/uploads\/2016\/06\/Alfonso-Prat-Gay..jpg 500w, https:\/\/www.brazilianpress.com\/v1\/wp-content\/uploads\/2016\/06\/Alfonso-Prat-Gay.-300x225.jpg 300w\" sizes=\"(max-width: 500px) 100vw, 500px\" \/><\/p>\n<p>A atual crise vivida pelo Brasil, com um governo interino e uma desacelera\u00e7\u00e3o econ\u00f4mica, vai provocar uma queda de 1,5 ponto percentual no crescimento da Argentina neste ano, afirmou ter\u00e7a-feira o ministro da Fazenda e de Finan\u00e7as P\u00fablicas do pa\u00eds, Alfonso Prat-Gay.<!--more--><\/p>\n<p>&#8220;O Brasil pode determinar se n\u00f3s crescemos ou ca\u00edmos&#8221;, disse Prat-Gay, durante sua participa\u00e7\u00e3o em um evento organizado pela Ag\u00eancia Efe e a Casa da Am\u00e9rica em Madrid, ao lado do ministro da Economia da Espanha, Luis de Guindos.<\/p>\n<p>No cargo desde dezembro do ano passado, Prat-Gay declarou que no mundo atual, &#8220;muito incerto&#8221;, \u00e9 necess\u00e1rio muito di\u00e1logo. &#8220;A Argentina quer fazer parte do di\u00e1logo, n\u00e3o do problema, como at\u00e9 agora&#8221;, disse em alus\u00e3o ao anterior governo de Cristina Kirchner.<\/p>\n<p>O ministro argentino apresentou as possibilidades que seu pa\u00eds oferece para investidores espanh\u00f3is e repetiu a incumb\u00eancia dada pelo presidente Mauricio Macri antes dele viajar para a Espanha: &#8220;avisar que se apressem para investir na Argentina&#8221;, disse. &#8220;Se tiver investimento e cria\u00e7\u00e3o de emprego, ser\u00e3o bem-vindos&#8221;, declarou Prat-Gay.<\/p>\n<p>O ministro ofereceu como garantia a nova pol\u00edtica de seu governo, no poder desde o final do ano passado, disposto a assumir seus compromissos internacionais e a saldar as d\u00edvidas contra\u00eddas.<\/p>\n<p>&#8220;Para termos credibilidade precisamos cumprir com nossas d\u00edvidas e com as senten\u00e7as&#8221;, afirmou, em refer\u00eancia ao acordo entre o governo argentino e seus credores que aconteceu em Nova York.<\/p>\n<p>Ele tamb\u00e9m falou da tarefa de seu governo para combater a infla\u00e7\u00e3o e reduzir o d\u00e9ficit, ao mesmo tempo em que procura melhorar a situa\u00e7\u00e3o das camadas mais vulner\u00e1veis da sociedade.<\/p>\n<p>Prat-Gay insistiu que o objetivo \u00e9 chegar em 2019 com uma infla\u00e7\u00e3o de 5%, contra 25% prevista para este ano, assim como descer o d\u00e9ficit um ponto do PIB, em um momento no qual a economia n\u00e3o est\u00e1 crescendo.<\/p>\n<p>Presidente do Banco Central da Argentina entre 2002 e 2004, Prat-Gay defendeu a independ\u00eancia &#8220;de fato&#8221; da institui\u00e7\u00e3o e insistiu que as metas de infla\u00e7\u00e3o s\u00e3o definidas pelo governo e executadas pelo Banco Central. &#8220;N\u00f3s gostar\u00edamos de baixar os impostos no futuro&#8221;, antecipou, mas &#8220;n\u00e3o enquanto a economia n\u00e3o cres\u00e7a fortemente&#8221;, especificou.<\/p>\n","protected":false},"excerpt":{"rendered":"<p>A atual crise vivida pelo Brasil, com um governo interino e uma desacelera\u00e7\u00e3o econ\u00f4mica, vai provocar uma queda de 1,5 ponto percentual no crescimento da Argentina neste ano, afirmou ter\u00e7a-feira o ministro da Fazenda e de Finan\u00e7as P\u00fablicas do pa\u00eds, Alfonso Prat-Gay.<\/p>\n","protected":false},"author":1,"featured_media":22837,"comment_status":"open","ping_status":"open","sticky":false,"template":"","format":"standard","meta":{"_links_to":"","_links_to_target":""},"categories":[7,1],"tags":[],"views":1750,"_links":{"self":[{"href":"https:\/\/www.brazilianpress.com\/v1\/wp-json\/wp\/v2\/posts\/22836"}],"collection":[{"href":"https:\/\/www.brazilianpress.com\/v1\/wp-json\/wp\/v2\/posts"}],"about":[{"href":"https:\/\/www.brazilianpress.com\/v1\/wp-json\/wp\/v2\/types\/post"}],"author":[{"embeddable":true,"href":"https:\/\/www.brazilianpress.com\/v1\/wp-json\/wp\/v2\/users\/1"}],"replies":[{"embeddable":true,"href":"https:\/\/www.brazilianpress.com\/v1\/wp-json\/wp\/v2\/comments?post=22836"}],"version-history":[{"count":1,"href":"https:\/\/www.brazilianpress.com\/v1\/wp-json\/wp\/v2\/posts\/22836\/revisions"}],"predecessor-version":[{"id":22838,"href":"https:\/\/www.brazilianpress.com\/v1\/wp-json\/wp\/v2\/posts\/22836\/revisions\/22838"}],"wp:featuredmedia":[{"embeddable":true,"href":"https:\/\/www.brazilianpress.com\/v1\/wp-json\/wp\/v2\/media\/22837"}],"wp:attachment":[{"href":"https:\/\/www.brazilianpress.com\/v1\/wp-json\/wp\/v2\/media?parent=22836"}],"wp:term":[{"taxonomy":"category","embeddable":true,"href":"https:\/\/www.brazilianpress.com\/v1\/wp-json\/wp\/v2\/categories?post=22836"},{"taxonomy":"post_tag","embeddable":true,"href":"https:\/\/www.brazilianpress.com\/v1\/wp-json\/wp\/v2\/tags?post=22836"}],"curies":[{"name":"wp","href":"https:\/\/api.w.org\/{rel}","templated":true}]}}