{"id":22839,"date":"2016-06-02T12:54:16","date_gmt":"2016-06-02T16:54:16","guid":{"rendered":"http:\/\/www.brazilianpress.com\/v1\/?p=22839"},"modified":"2016-06-02T14:58:14","modified_gmt":"2016-06-02T18:58:14","slug":"cunha-rebate-criticas-de-dilma-se-ate-o-lula-se-arrependeu-de-ter-escolhido-ela-imaginem-aqueles-que-ela-fez-de-idiota","status":"publish","type":"post","link":"https:\/\/www.brazilianpress.com\/v1\/2016\/06\/02\/cunha-rebate-criticas-de-dilma-se-ate-o-lula-se-arrependeu-de-ter-escolhido-ela-imaginem-aqueles-que-ela-fez-de-idiota\/","title":{"rendered":"Cunha rebate cr\u00edticas de Dilma: Se at\u00e9 o Lula se arrependeu de ter escolhido ela, imaginem aqueles que ela fez de idiota"},"content":{"rendered":"<p><img loading=\"lazy\" class=\"alignnone size-full wp-image-22840\" src=\"http:\/\/www.brazilianpress.com\/v1\/wp-content\/uploads\/2016\/06\/eduardo-cunha.jpg\" alt=\"_eduardo cunha\" width=\"500\" height=\"325\" srcset=\"https:\/\/www.brazilianpress.com\/v1\/wp-content\/uploads\/2016\/06\/eduardo-cunha.jpg 500w, https:\/\/www.brazilianpress.com\/v1\/wp-content\/uploads\/2016\/06\/eduardo-cunha-300x195.jpg 300w\" sizes=\"(max-width: 500px) 100vw, 500px\" \/><\/p>\n<p>Alvo de acusa\u00e7\u00f5es feitas pela presidente afastada Dilma Rousseff, o deputado federal afastado Eduardo Cunha voltou a rebater a petista no domingo (29). Em mensagens postadas no Twitter, ele afirmou que, \u201cal\u00e9m de sua arrog\u00e2ncia e das mentiras habituais, ela demonstra a sua incapacidade e despreparo para governar\u201d.<!--more--><\/p>\n<p>\u201cDilma mente tanto que j\u00e1 estamos aprendendo a identificar do ela (sic) mente; basta mover os l\u00e1bios. Se at\u00e9 o Lula se arrependeu de ter escolhido ela, imaginem aqueles que ela fez de idiota, mentindo na elei\u00e7\u00e3o. Para ela, apenas uma frase: tchau querida\u201d, escreveu Cunha.<\/p>\n<p>Em entrevista, Dilma afirma que o governo do presidente interino Michel Temer \u201cter\u00e1 que se ajoelhar\u201d diante de Cunha. Dilma diz ainda que \u201cas raz\u00f5es para o impeachment est\u00e3o cada vez mais claras\u201d, ao citar as grava\u00e7\u00f5es feitas pelo ex-presidente da Transpetro, S\u00e9rgio Machado, e diz que Cunha \u00e9 a \u201cpessoa central do governo Temer\u201d.<\/p>\n<p>\u201cIsso ficou clar\u00edssimo agora, com a indica\u00e7\u00e3o do Andr\u00e9 Moura [deputado ligado a Cunha e l\u00edder do governo Temer na C\u00e2mara]. Cunha n\u00e3o s\u00f3 manda: ele \u00e9 o governo Temer. E n\u00e3o h\u00e1 governo poss\u00edvel nos termos do Eduardo Cunha\u201d, disse a petista. Cunha foi afastado pelo STF (Supremo Tribunal Federal) sob o argumento de que h\u00e1 ind\u00edcios de que ele tentava impedir as investiga\u00e7\u00f5es da opera\u00e7\u00e3o Lava Jato e seu processo de cassa\u00e7\u00e3o no Conselho de \u00c9tica da C\u00e2mara.<\/p>\n","protected":false},"excerpt":{"rendered":"<p>Alvo de acusa\u00e7\u00f5es feitas pela presidente afastada Dilma Rousseff, o deputado federal afastado Eduardo Cunha voltou a rebater a petista no domingo (29). Em mensagens postadas no Twitter, ele afirmou que, \u201cal\u00e9m de sua arrog\u00e2ncia e das mentiras habituais, ela demonstra a sua incapacidade e despreparo para governar\u201d.<\/p>\n","protected":false},"author":1,"featured_media":22840,"comment_status":"open","ping_status":"open","sticky":false,"template":"","format":"standard","meta":{"_links_to":"","_links_to_target":""},"categories":[7,1],"tags":[],"views":1840,"_links":{"self":[{"href":"https:\/\/www.brazilianpress.com\/v1\/wp-json\/wp\/v2\/posts\/22839"}],"collection":[{"href":"https:\/\/www.brazilianpress.com\/v1\/wp-json\/wp\/v2\/posts"}],"about":[{"href":"https:\/\/www.brazilianpress.com\/v1\/wp-json\/wp\/v2\/types\/post"}],"author":[{"embeddable":true,"href":"https:\/\/www.brazilianpress.com\/v1\/wp-json\/wp\/v2\/users\/1"}],"replies":[{"embeddable":true,"href":"https:\/\/www.brazilianpress.com\/v1\/wp-json\/wp\/v2\/comments?post=22839"}],"version-history":[{"count":1,"href":"https:\/\/www.brazilianpress.com\/v1\/wp-json\/wp\/v2\/posts\/22839\/revisions"}],"predecessor-version":[{"id":22841,"href":"https:\/\/www.brazilianpress.com\/v1\/wp-json\/wp\/v2\/posts\/22839\/revisions\/22841"}],"wp:featuredmedia":[{"embeddable":true,"href":"https:\/\/www.brazilianpress.com\/v1\/wp-json\/wp\/v2\/media\/22840"}],"wp:attachment":[{"href":"https:\/\/www.brazilianpress.com\/v1\/wp-json\/wp\/v2\/media?parent=22839"}],"wp:term":[{"taxonomy":"category","embeddable":true,"href":"https:\/\/www.brazilianpress.com\/v1\/wp-json\/wp\/v2\/categories?post=22839"},{"taxonomy":"post_tag","embeddable":true,"href":"https:\/\/www.brazilianpress.com\/v1\/wp-json\/wp\/v2\/tags?post=22839"}],"curies":[{"name":"wp","href":"https:\/\/api.w.org\/{rel}","templated":true}]}}