{"id":22849,"date":"2016-06-02T13:09:55","date_gmt":"2016-06-02T17:09:55","guid":{"rendered":"http:\/\/www.brazilianpress.com\/v1\/?p=22849"},"modified":"2016-06-06T15:58:54","modified_gmt":"2016-06-06T19:58:54","slug":"bebe-nascido-em-new-jersey-completamente-afetado-pelo-zika","status":"publish","type":"post","link":"https:\/\/www.brazilianpress.com\/v1\/2016\/06\/02\/bebe-nascido-em-new-jersey-completamente-afetado-pelo-zika\/","title":{"rendered":"Beb\u00ea nascido em New Jersey completamente afetado pelo zika"},"content":{"rendered":"<p><img loading=\"lazy\" class=\"alignnone size-full wp-image-22850\" src=\"http:\/\/www.brazilianpress.com\/v1\/wp-content\/uploads\/2016\/06\/bebe-zika-new-jersey.jpg\" alt=\"_bebe zika new jersey\" width=\"500\" height=\"281\" srcset=\"https:\/\/www.brazilianpress.com\/v1\/wp-content\/uploads\/2016\/06\/bebe-zika-new-jersey.jpg 500w, https:\/\/www.brazilianpress.com\/v1\/wp-content\/uploads\/2016\/06\/bebe-zika-new-jersey-300x169.jpg 300w\" sizes=\"(max-width: 500px) 100vw, 500px\" \/><\/p>\n<p>Um beb\u00ea nascido de uma m\u00e3e infectada pelo v\u00edrus zika nasceu com a enfermidade, informou um m\u00e9dico em New Jersey ontem. Funcion\u00e1rios do Centro M\u00e9dico da Universidade Hackensack informaram que a mulher, uma hondurenha de 31 anos, deu \u00e0 luz uma menina atrav\u00e9s de cesariana.<!--more--><\/p>\n<p>O m\u00e9dico doutor Abdulla Al-Khan, chefe dos cirurgi\u00f5es e medicina materno-fetal do hospital, disse que a m\u00e3e chegou aos Estados Unidos para receber tratamento logo que descobriram os sintomas do zika. Acrescentou que o v\u00edrus foi confirmado mais tarde.<\/p>\n<p>Al-Khan disse que um ultrassom na semana passada revelou os defeitos, incluindo microcefalia, porque a cabe\u00e7a da crian\u00e7a \u00e9 de um tamanho menor que o esperado, pois o c\u00e9rebro n\u00e3o se desenvolveu de maneira adequada. O doutor disse que a beb\u00ea parece &#8220;completamente afetada pelo zika&#8221;, ainda que a confirma\u00e7\u00e3o do v\u00edrus na menor est\u00e1 pendente de provas. No come\u00e7o deste ano um beb\u00ea nasceu no Hawaii com microcefalia relacionada ao zika.<\/p>\n","protected":false},"excerpt":{"rendered":"<p>Um beb\u00ea nascido de uma m\u00e3e infectada pelo v\u00edrus zika nasceu com a enfermidade, informou um m\u00e9dico em New Jersey ontem. Funcion\u00e1rios do Centro M\u00e9dico da Universidade Hackensack informaram que a mulher, uma hondurenha de 31 anos, deu \u00e0 luz uma menina atrav\u00e9s de cesariana.<\/p>\n","protected":false},"author":1,"featured_media":22850,"comment_status":"open","ping_status":"open","sticky":false,"template":"","format":"standard","meta":{"_links_to":"","_links_to_target":""},"categories":[1,10],"tags":[],"views":2253,"_links":{"self":[{"href":"https:\/\/www.brazilianpress.com\/v1\/wp-json\/wp\/v2\/posts\/22849"}],"collection":[{"href":"https:\/\/www.brazilianpress.com\/v1\/wp-json\/wp\/v2\/posts"}],"about":[{"href":"https:\/\/www.brazilianpress.com\/v1\/wp-json\/wp\/v2\/types\/post"}],"author":[{"embeddable":true,"href":"https:\/\/www.brazilianpress.com\/v1\/wp-json\/wp\/v2\/users\/1"}],"replies":[{"embeddable":true,"href":"https:\/\/www.brazilianpress.com\/v1\/wp-json\/wp\/v2\/comments?post=22849"}],"version-history":[{"count":1,"href":"https:\/\/www.brazilianpress.com\/v1\/wp-json\/wp\/v2\/posts\/22849\/revisions"}],"predecessor-version":[{"id":22851,"href":"https:\/\/www.brazilianpress.com\/v1\/wp-json\/wp\/v2\/posts\/22849\/revisions\/22851"}],"wp:featuredmedia":[{"embeddable":true,"href":"https:\/\/www.brazilianpress.com\/v1\/wp-json\/wp\/v2\/media\/22850"}],"wp:attachment":[{"href":"https:\/\/www.brazilianpress.com\/v1\/wp-json\/wp\/v2\/media?parent=22849"}],"wp:term":[{"taxonomy":"category","embeddable":true,"href":"https:\/\/www.brazilianpress.com\/v1\/wp-json\/wp\/v2\/categories?post=22849"},{"taxonomy":"post_tag","embeddable":true,"href":"https:\/\/www.brazilianpress.com\/v1\/wp-json\/wp\/v2\/tags?post=22849"}],"curies":[{"name":"wp","href":"https:\/\/api.w.org\/{rel}","templated":true}]}}