{"id":22855,"date":"2016-06-02T14:06:05","date_gmt":"2016-06-02T18:06:05","guid":{"rendered":"http:\/\/www.brazilianpress.com\/v1\/?p=22855"},"modified":"2016-06-02T14:06:05","modified_gmt":"2016-06-02T18:06:05","slug":"uber-comeca-a-testar-carro-sem-motorista-na-pensilvania","status":"publish","type":"post","link":"https:\/\/www.brazilianpress.com\/v1\/2016\/06\/02\/uber-comeca-a-testar-carro-sem-motorista-na-pensilvania\/","title":{"rendered":"Uber come\u00e7a a testar carro sem motorista na Pensilv\u00e2nia"},"content":{"rendered":"<p><img loading=\"lazy\" class=\"alignnone size-full wp-image-22856\" src=\"http:\/\/www.brazilianpress.com\/v1\/wp-content\/uploads\/2016\/06\/uber.jpg\" alt=\"uber\" width=\"500\" height=\"281\" srcset=\"https:\/\/www.brazilianpress.com\/v1\/wp-content\/uploads\/2016\/06\/uber.jpg 500w, https:\/\/www.brazilianpress.com\/v1\/wp-content\/uploads\/2016\/06\/uber-300x169.jpg 300w\" sizes=\"(max-width: 500px) 100vw, 500px\" \/><\/p>\n<p>O servi\u00e7o de transporte privado Uber apresentou na quinta-feira o prot\u00f3tipo do seu primeiro carro sem motorista, que a empresa pretende testar nas ruas da cidade de Pittsburgh, no estado da Pensilv\u00e2nia.<\/p>\n<p>&#8220;Se voc\u00ea estiver dirigindo por Pittsburgh nas pr\u00f3ximas semanas, poder\u00e1 presenciar um estranho espet\u00e1culo: um carro que parece estar sendo conduzido por um super-her\u00f3i&#8221;, afirmou a empresa na sua p\u00e1gina web.<!--more--><\/p>\n<p>&#8220;Mas n\u00e3o se trata de um objeto cinematogr\u00e1fico, \u00e9 um carro experimental do Centro de Tecnologias Avan\u00e7adas do Uber em Pittsburgh&#8221;. A empresa informou que o projeto ainda est\u00e1 em uma fase muito inicial, e que por enquanto est\u00e1 &#8220;focada em desenvolver a tecnologia certa e garantir que o ve\u00edculo \u00e9 seguro para todos na estrada: pedestres, ciclistas e outros motoristas&#8221;.<\/p>\n<p>O Uber vai usar um Ford Fusion h\u00edbrido que vai registrar dados de mapeamento enquanto testa as habilidades de condu\u00e7\u00e3o aut\u00f4noma. Muitos grupos de fabricantes de autom\u00f3veis e de tecnologia trabalham no desenvolvimento de ve\u00edculos aut\u00f4nomos, que funcionam sem motorista, para facilitar a mobilidade de pessoas deficientes ou idosas e reduzir acidentes e engarrafamentos.<\/p>\n<p>Um dos projetos que mais avan\u00e7a \u00e9 o Google Car, do gigante da internet americano Alphabet, que anunciou no in\u00edcio do m\u00eas de maio uma parceria com o fabricante italiano Fiat, que representa uma grande expans\u00e3o da sua frota de ve\u00edculos aut\u00f4nomos. As empresas Google, Uber, Lyft outro servi\u00e7o americano de transporte privado, assim como as fabricantes Ford e Volvo, revelaram no fim de abril a cria\u00e7\u00e3o da Coaliz\u00e3o de Condu\u00e7\u00e3o Aut\u00f4noma para Ruas mais Seguras, organiza\u00e7\u00e3o que pretende promover os ve\u00edculos aut\u00f4nomos nos Estados Unidos.<\/p>\n","protected":false},"excerpt":{"rendered":"<p>O servi\u00e7o de transporte privado Uber apresentou na quinta-feira o prot\u00f3tipo do seu primeiro carro sem motorista, que a empresa pretende testar nas ruas da cidade de Pittsburgh, no estado da Pensilv\u00e2nia. &#8220;Se voc\u00ea estiver dirigindo por Pittsburgh nas pr\u00f3ximas semanas, poder\u00e1 presenciar um estranho espet\u00e1culo: um carro que parece estar sendo conduzido por um super-her\u00f3i&#8221;, afirmou a empresa na sua p\u00e1gina web.<\/p>\n","protected":false},"author":1,"featured_media":22856,"comment_status":"open","ping_status":"open","sticky":false,"template":"","format":"standard","meta":{"_links_to":"","_links_to_target":""},"categories":[4,1],"tags":[],"views":2346,"_links":{"self":[{"href":"https:\/\/www.brazilianpress.com\/v1\/wp-json\/wp\/v2\/posts\/22855"}],"collection":[{"href":"https:\/\/www.brazilianpress.com\/v1\/wp-json\/wp\/v2\/posts"}],"about":[{"href":"https:\/\/www.brazilianpress.com\/v1\/wp-json\/wp\/v2\/types\/post"}],"author":[{"embeddable":true,"href":"https:\/\/www.brazilianpress.com\/v1\/wp-json\/wp\/v2\/users\/1"}],"replies":[{"embeddable":true,"href":"https:\/\/www.brazilianpress.com\/v1\/wp-json\/wp\/v2\/comments?post=22855"}],"version-history":[{"count":1,"href":"https:\/\/www.brazilianpress.com\/v1\/wp-json\/wp\/v2\/posts\/22855\/revisions"}],"predecessor-version":[{"id":22857,"href":"https:\/\/www.brazilianpress.com\/v1\/wp-json\/wp\/v2\/posts\/22855\/revisions\/22857"}],"wp:featuredmedia":[{"embeddable":true,"href":"https:\/\/www.brazilianpress.com\/v1\/wp-json\/wp\/v2\/media\/22856"}],"wp:attachment":[{"href":"https:\/\/www.brazilianpress.com\/v1\/wp-json\/wp\/v2\/media?parent=22855"}],"wp:term":[{"taxonomy":"category","embeddable":true,"href":"https:\/\/www.brazilianpress.com\/v1\/wp-json\/wp\/v2\/categories?post=22855"},{"taxonomy":"post_tag","embeddable":true,"href":"https:\/\/www.brazilianpress.com\/v1\/wp-json\/wp\/v2\/tags?post=22855"}],"curies":[{"name":"wp","href":"https:\/\/api.w.org\/{rel}","templated":true}]}}