{"id":2287,"date":"2013-08-15T04:36:19","date_gmt":"2013-08-15T08:36:19","guid":{"rendered":"http:\/\/www.brazilianpress.com\/v1\/?p=2287"},"modified":"2013-08-22T08:10:17","modified_gmt":"2013-08-22T12:10:17","slug":"social-press-15082013","status":"publish","type":"post","link":"https:\/\/www.brazilianpress.com\/v1\/2013\/08\/15\/social-press-15082013\/","title":{"rendered":"Social Press . 15\/08\/2013"},"content":{"rendered":"<p><strong><em><img loading=\"lazy\" class=\"alignnone size-full wp-image-2307\" alt=\"social press 1640 20130815 (20)\" src=\"http:\/\/www.brazilianpress.com\/v1\/wp-content\/uploads\/2013\/08\/social-press-1640-20130815-20.jpg\" width=\"450\" height=\"300\" srcset=\"https:\/\/www.brazilianpress.com\/v1\/wp-content\/uploads\/2013\/08\/social-press-1640-20130815-20.jpg 450w, https:\/\/www.brazilianpress.com\/v1\/wp-content\/uploads\/2013\/08\/social-press-1640-20130815-20-300x200.jpg 300w\" sizes=\"(max-width: 450px) 100vw, 450px\" \/><br \/>\nQuem soprou as velinhas nesta semana foi nosso querido Jo\u00e3ozinho, cozinheiro do Mega Pizza. J\u00e1 provou o Rod\u00edzio de Pizza? Hoje \u00e9 Dia!<\/em><\/strong><\/p>\n<p><strong><em><img loading=\"lazy\" class=\"alignnone size-full wp-image-2288\" alt=\"social press 1640 20130815 (1)\" src=\"http:\/\/www.brazilianpress.com\/v1\/wp-content\/uploads\/2013\/08\/social-press-1640-20130815-1.jpg\" width=\"450\" height=\"300\" srcset=\"https:\/\/www.brazilianpress.com\/v1\/wp-content\/uploads\/2013\/08\/social-press-1640-20130815-1.jpg 450w, https:\/\/www.brazilianpress.com\/v1\/wp-content\/uploads\/2013\/08\/social-press-1640-20130815-1-300x200.jpg 300w\" sizes=\"(max-width: 450px) 100vw, 450px\" \/><br \/>\n<img loading=\"lazy\" class=\"alignnone size-full wp-image-2289\" alt=\"social press 1640 20130815 (2)\" src=\"http:\/\/www.brazilianpress.com\/v1\/wp-content\/uploads\/2013\/08\/social-press-1640-20130815-2.jpg\" width=\"450\" height=\"300\" srcset=\"https:\/\/www.brazilianpress.com\/v1\/wp-content\/uploads\/2013\/08\/social-press-1640-20130815-2.jpg 450w, https:\/\/www.brazilianpress.com\/v1\/wp-content\/uploads\/2013\/08\/social-press-1640-20130815-2-300x200.jpg 300w\" sizes=\"(max-width: 450px) 100vw, 450px\" \/><br \/>\nLindo Casal! L\u00facia e o Flamenguista Jos\u00e9 Carlos, \u201cCasal 20\u201d: juntos quase que desde o nascimento, ambos comemorando mais uma Primavera, Parab\u00e9ns aos dois e que dure para sempre essa Uni\u00e3o! A \u00caEEEE!!!!<\/em><\/strong><\/p>\n<p><strong><em><img loading=\"lazy\" class=\"alignnone size-full wp-image-2301\" alt=\"social press 1640 20130815 (14)\" src=\"http:\/\/www.brazilianpress.com\/v1\/wp-content\/uploads\/2013\/08\/social-press-1640-20130815-14.jpg\" width=\"350\" height=\"324\" srcset=\"https:\/\/www.brazilianpress.com\/v1\/wp-content\/uploads\/2013\/08\/social-press-1640-20130815-14.jpg 350w, https:\/\/www.brazilianpress.com\/v1\/wp-content\/uploads\/2013\/08\/social-press-1640-20130815-14-300x277.jpg 300w\" sizes=\"(max-width: 350px) 100vw, 350px\" \/><br \/>\nD\u00e9cio, empres\u00e1rio da Caroline Braga (fen\u00f4meno de voz e talento). Foto em Newark, vem a\u00ed o Cl\u00e1ssico Brasileiro Asa Branca do Gonzag\u00e3o, em \u00f3pera, para emocionar cora\u00e7\u00f5es!<!--more--><\/em><\/strong><\/p>\n<p><strong><em><img loading=\"lazy\" class=\"alignnone size-full wp-image-2302\" alt=\"social press 1640 20130815 (15)\" src=\"http:\/\/www.brazilianpress.com\/v1\/wp-content\/uploads\/2013\/08\/social-press-1640-20130815-15.jpg\" width=\"350\" height=\"408\" srcset=\"https:\/\/www.brazilianpress.com\/v1\/wp-content\/uploads\/2013\/08\/social-press-1640-20130815-15.jpg 350w, https:\/\/www.brazilianpress.com\/v1\/wp-content\/uploads\/2013\/08\/social-press-1640-20130815-15-257x300.jpg 257w\" sizes=\"(max-width: 350px) 100vw, 350px\" \/><br \/>\nA pequena Kathaly celebrou seu birthday ao lado de amiguinhos e dos pais F\u00e1bio e Mar\u00edlia.<\/em><\/strong><\/p>\n<p><strong><em><img loading=\"lazy\" class=\"alignnone size-full wp-image-2303\" alt=\"social press 1640 20130815 (16)\" src=\"http:\/\/www.brazilianpress.com\/v1\/wp-content\/uploads\/2013\/08\/social-press-1640-20130815-16.jpg\" width=\"350\" height=\"375\" srcset=\"https:\/\/www.brazilianpress.com\/v1\/wp-content\/uploads\/2013\/08\/social-press-1640-20130815-16.jpg 350w, https:\/\/www.brazilianpress.com\/v1\/wp-content\/uploads\/2013\/08\/social-press-1640-20130815-16-280x300.jpg 280w\" sizes=\"(max-width: 350px) 100vw, 350px\" \/><br \/>\nHappy Birthday a nossa amiga Monica, celebrando mais uma Primavera ao lado do marid\u00e3o Carlos Carrico.<\/em><\/strong><\/p>\n<p><strong><em><img loading=\"lazy\" class=\"alignnone size-full wp-image-2304\" alt=\"social press 1640 20130815 (17)\" src=\"http:\/\/www.brazilianpress.com\/v1\/wp-content\/uploads\/2013\/08\/social-press-1640-20130815-17.jpg\" width=\"350\" height=\"410\" srcset=\"https:\/\/www.brazilianpress.com\/v1\/wp-content\/uploads\/2013\/08\/social-press-1640-20130815-17.jpg 350w, https:\/\/www.brazilianpress.com\/v1\/wp-content\/uploads\/2013\/08\/social-press-1640-20130815-17-256x300.jpg 256w\" sizes=\"(max-width: 350px) 100vw, 350px\" \/><br \/>\nOlha que fofuras!!! Maria, Melissa e Victoria mostrando o encanto e inoc\u00eancia da inf\u00e2ncia. Deus Aben\u00e7oe todas as criaturinhas do Planeta!<\/em><\/strong><\/p>\n<p><strong><em><img loading=\"lazy\" class=\"alignnone size-full wp-image-2305\" alt=\"social press 1640 20130815 (18)\" src=\"http:\/\/www.brazilianpress.com\/v1\/wp-content\/uploads\/2013\/08\/social-press-1640-20130815-18.jpg\" width=\"450\" height=\"300\" srcset=\"https:\/\/www.brazilianpress.com\/v1\/wp-content\/uploads\/2013\/08\/social-press-1640-20130815-18.jpg 450w, https:\/\/www.brazilianpress.com\/v1\/wp-content\/uploads\/2013\/08\/social-press-1640-20130815-18-300x200.jpg 300w\" sizes=\"(max-width: 450px) 100vw, 450px\" \/><br \/>\nT\u00e1 com Fome? Nunca \u00e9 tarde para saborear seu lanche favorito, porque o Altas Horas est\u00e1 aberto 24 horas para melhor servir a comunidade e aos famintos\u2026Corre para L\u00e1!<\/em><\/strong><\/p>\n<p><strong><em><img loading=\"lazy\" class=\"alignnone size-full wp-image-2306\" alt=\"social press 1640 20130815 (19)\" src=\"http:\/\/www.brazilianpress.com\/v1\/wp-content\/uploads\/2013\/08\/social-press-1640-20130815-19.jpg\" width=\"450\" height=\"300\" srcset=\"https:\/\/www.brazilianpress.com\/v1\/wp-content\/uploads\/2013\/08\/social-press-1640-20130815-19.jpg 450w, https:\/\/www.brazilianpress.com\/v1\/wp-content\/uploads\/2013\/08\/social-press-1640-20130815-19-300x200.jpg 300w\" sizes=\"(max-width: 450px) 100vw, 450px\" \/><br \/>\nSauda\u00e7\u00f5es a essa turma de jovens equatorianos que participaram das festividades ao Equador no El Pastor domingo passado.<\/em><\/strong><\/p>\n<p><strong><em><img loading=\"lazy\" class=\"alignnone size-full wp-image-2290\" alt=\"social press 1640 20130815 (3)\" src=\"http:\/\/www.brazilianpress.com\/v1\/wp-content\/uploads\/2013\/08\/social-press-1640-20130815-3.jpg\" width=\"350\" height=\"526\" srcset=\"https:\/\/www.brazilianpress.com\/v1\/wp-content\/uploads\/2013\/08\/social-press-1640-20130815-3.jpg 350w, https:\/\/www.brazilianpress.com\/v1\/wp-content\/uploads\/2013\/08\/social-press-1640-20130815-3-199x300.jpg 199w\" sizes=\"(max-width: 350px) 100vw, 350px\" \/><br \/>\nA bel\u00edssima Bruna Schila e o namorado Christian, conferindo as del\u00edcias da culin\u00e1ria do Casa Nova Grill, onde Voc\u00ea se sente em Casa!<\/em><\/strong><\/p>\n<p><strong><em><img loading=\"lazy\" class=\"alignnone size-full wp-image-2291\" alt=\"social press 1640 20130815 (4)\" src=\"http:\/\/www.brazilianpress.com\/v1\/wp-content\/uploads\/2013\/08\/social-press-1640-20130815-4.jpg\" width=\"450\" height=\"300\" srcset=\"https:\/\/www.brazilianpress.com\/v1\/wp-content\/uploads\/2013\/08\/social-press-1640-20130815-4.jpg 450w, https:\/\/www.brazilianpress.com\/v1\/wp-content\/uploads\/2013\/08\/social-press-1640-20130815-4-300x200.jpg 300w\" sizes=\"(max-width: 450px) 100vw, 450px\" \/><br \/>\nO Ver\u00e3o est\u00e1 quase partindo. Ent\u00e3o \u00e9 hora de comparecer ao Boi na Brasa Grill e conferir o agito mais badalado do Ironbound, ao ar livre e com atendimento excepcional!<\/em><\/strong><\/p>\n<p><strong><em><img loading=\"lazy\" class=\"alignnone size-full wp-image-2292\" alt=\"social press 1640 20130815 (5)\" src=\"http:\/\/www.brazilianpress.com\/v1\/wp-content\/uploads\/2013\/08\/social-press-1640-20130815-5.jpg\" width=\"350\" height=\"356\" srcset=\"https:\/\/www.brazilianpress.com\/v1\/wp-content\/uploads\/2013\/08\/social-press-1640-20130815-5.jpg 350w, https:\/\/www.brazilianpress.com\/v1\/wp-content\/uploads\/2013\/08\/social-press-1640-20130815-5-294x300.jpg 294w\" sizes=\"(max-width: 350px) 100vw, 350px\" \/><br \/>\nO respeitado Pastor Donnie McClurkin realizar\u00e1 o 10\u00ba Congresso Evang\u00e9lico New York Call pr\u00f3ximo dia 24 de Agosto em nossa area. Visite <a href=\"http:\/\/www.nycall.org\" target=\"_blank\">www.nycall.org<\/a> para mais detalhes.<\/em><\/strong><\/p>\n<p><strong><em><img loading=\"lazy\" class=\"alignnone size-full wp-image-2293\" alt=\"social press 1640 20130815 (6)\" src=\"http:\/\/www.brazilianpress.com\/v1\/wp-content\/uploads\/2013\/08\/social-press-1640-20130815-6.jpg\" width=\"350\" height=\"350\" srcset=\"https:\/\/www.brazilianpress.com\/v1\/wp-content\/uploads\/2013\/08\/social-press-1640-20130815-6.jpg 350w, https:\/\/www.brazilianpress.com\/v1\/wp-content\/uploads\/2013\/08\/social-press-1640-20130815-6-150x150.jpg 150w, https:\/\/www.brazilianpress.com\/v1\/wp-content\/uploads\/2013\/08\/social-press-1640-20130815-6-300x300.jpg 300w\" sizes=\"(max-width: 350px) 100vw, 350px\" \/><br \/>\nUm forte abra\u00e7o a essa equipe de mulheres fant\u00e1sticas do Casa Nova Grill. A barmaid super gata Pollyana, entre as g\u00eameas cozinheiras, Cla\u00fadia e Cristina. Sucesso!!!<\/em><\/strong><\/p>\n<p><strong><em><img loading=\"lazy\" class=\"alignnone size-full wp-image-2294\" alt=\"social press 1640 20130815 (7)\" src=\"http:\/\/www.brazilianpress.com\/v1\/wp-content\/uploads\/2013\/08\/social-press-1640-20130815-7.jpg\" width=\"350\" height=\"431\" srcset=\"https:\/\/www.brazilianpress.com\/v1\/wp-content\/uploads\/2013\/08\/social-press-1640-20130815-7.jpg 350w, https:\/\/www.brazilianpress.com\/v1\/wp-content\/uploads\/2013\/08\/social-press-1640-20130815-7-243x300.jpg 243w\" sizes=\"(max-width: 350px) 100vw, 350px\" \/><br \/>\nProcurando sapatos elegantes e confort\u00e1veis? Visite Jackie e Fernanda no Shoe Religion na Ferry Street e entre na Moda!<\/em><\/strong><\/p>\n<p><strong><em><img loading=\"lazy\" class=\"alignnone size-full wp-image-2295\" alt=\"social press 1640 20130815 (8)\" src=\"http:\/\/www.brazilianpress.com\/v1\/wp-content\/uploads\/2013\/08\/social-press-1640-20130815-8.jpg\" width=\"450\" height=\"300\" srcset=\"https:\/\/www.brazilianpress.com\/v1\/wp-content\/uploads\/2013\/08\/social-press-1640-20130815-8.jpg 450w, https:\/\/www.brazilianpress.com\/v1\/wp-content\/uploads\/2013\/08\/social-press-1640-20130815-8-300x200.jpg 300w\" sizes=\"(max-width: 450px) 100vw, 450px\" \/><br \/>\nTodo Domingo o Boi na Brasa agita a Galera com uma Super Banda de Pagode, e o clima \u00e9 sempre assim, cheio de Mulheres Lindas!<\/em><\/strong><\/p>\n<p><strong><em><img loading=\"lazy\" class=\"alignnone size-full wp-image-2296\" alt=\"social press 1640 20130815 (9)\" src=\"http:\/\/www.brazilianpress.com\/v1\/wp-content\/uploads\/2013\/08\/social-press-1640-20130815-9.jpg\" width=\"450\" height=\"336\" srcset=\"https:\/\/www.brazilianpress.com\/v1\/wp-content\/uploads\/2013\/08\/social-press-1640-20130815-9.jpg 450w, https:\/\/www.brazilianpress.com\/v1\/wp-content\/uploads\/2013\/08\/social-press-1640-20130815-9-300x224.jpg 300w\" sizes=\"(max-width: 450px) 100vw, 450px\" \/><br \/>\nNossa amiga e leitora, Ceceu Mendes, membro da Igreja Adventista de Newark, aproveitando as f\u00e9rias na Europa. Chic hein!<\/em><\/strong><\/p>\n<p><strong><em><img loading=\"lazy\" class=\"alignnone size-full wp-image-2297\" alt=\"social press 1640 20130815 (10)\" src=\"http:\/\/www.brazilianpress.com\/v1\/wp-content\/uploads\/2013\/08\/social-press-1640-20130815-10.jpg\" width=\"450\" height=\"254\" srcset=\"https:\/\/www.brazilianpress.com\/v1\/wp-content\/uploads\/2013\/08\/social-press-1640-20130815-10.jpg 450w, https:\/\/www.brazilianpress.com\/v1\/wp-content\/uploads\/2013\/08\/social-press-1640-20130815-10-300x169.jpg 300w\" sizes=\"(max-width: 450px) 100vw, 450px\" \/><br \/>\nSauda\u00e7\u00f5es a esse grupo de amigos, que participaram do Desfile do Equador em Newark, representando a for\u00e7a de nossas origens ind\u00edgenas convocando para a preserva\u00e7\u00e3o de nossa hist\u00f3ria. Salud!<\/em><\/strong><\/p>\n<p><strong><em><img loading=\"lazy\" class=\"alignnone size-full wp-image-2298\" alt=\"social press 1640 20130815 (11)\" src=\"http:\/\/www.brazilianpress.com\/v1\/wp-content\/uploads\/2013\/08\/social-press-1640-20130815-11.jpg\" width=\"350\" height=\"467\" srcset=\"https:\/\/www.brazilianpress.com\/v1\/wp-content\/uploads\/2013\/08\/social-press-1640-20130815-11.jpg 350w, https:\/\/www.brazilianpress.com\/v1\/wp-content\/uploads\/2013\/08\/social-press-1640-20130815-11-224x300.jpg 224w\" sizes=\"(max-width: 350px) 100vw, 350px\" \/><br \/>\nAs lindas Erika Batista e Molly aproveitando uma tarde de sol no Estado Jardim.<\/em><\/strong><\/p>\n<p><strong><em><img loading=\"lazy\" class=\"alignnone size-full wp-image-2299\" alt=\"social press 1640 20130815 (12)\" src=\"http:\/\/www.brazilianpress.com\/v1\/wp-content\/uploads\/2013\/08\/social-press-1640-20130815-12.jpg\" width=\"450\" height=\"300\" srcset=\"https:\/\/www.brazilianpress.com\/v1\/wp-content\/uploads\/2013\/08\/social-press-1640-20130815-12.jpg 450w, https:\/\/www.brazilianpress.com\/v1\/wp-content\/uploads\/2013\/08\/social-press-1640-20130815-12-300x200.jpg 300w\" sizes=\"(max-width: 450px) 100vw, 450px\" \/><br \/>\nA querida Agda Santos abriu sua resid\u00eancia para celebrar seu anivers\u00e1rio ao lado de amigos numa festa super animada. Felicidades!<\/em><\/strong><\/p>\n<p><strong><em><img loading=\"lazy\" class=\"alignnone size-full wp-image-2300\" alt=\"social press 1640 20130815 (13)\" src=\"http:\/\/www.brazilianpress.com\/v1\/wp-content\/uploads\/2013\/08\/social-press-1640-20130815-13.jpg\" width=\"350\" height=\"350\" srcset=\"https:\/\/www.brazilianpress.com\/v1\/wp-content\/uploads\/2013\/08\/social-press-1640-20130815-13.jpg 350w, https:\/\/www.brazilianpress.com\/v1\/wp-content\/uploads\/2013\/08\/social-press-1640-20130815-13-150x150.jpg 150w, https:\/\/www.brazilianpress.com\/v1\/wp-content\/uploads\/2013\/08\/social-press-1640-20130815-13-300x300.jpg 300w\" sizes=\"(max-width: 350px) 100vw, 350px\" \/><br \/>\nUm abra\u00e7o ao aniversariante Heber Bastos, que aproveitou para curtir f\u00e9rias ao lado da esposa Bruna. Tudo de Bom!<\/em><\/strong><\/p>\n","protected":false},"excerpt":{"rendered":"<p>Quem soprou as velinhas nesta semana foi nosso querido Jo\u00e3ozinho, cozinheiro do Mega Pizza. J\u00e1 provou o Rod\u00edzio de Pizza? Hoje \u00e9 Dia! Lindo Casal! L\u00facia e o Flamenguista Jos\u00e9 Carlos, \u201cCasal 20\u201d: juntos quase que desde o nascimento, ambos comemorando mais uma Primavera, Parab\u00e9ns aos dois e que dure para sempre essa Uni\u00e3o! A \u00caEEEE!!!! D\u00e9cio, empres\u00e1rio da Caroline Braga (fen\u00f4meno de voz e talento). Foto em Newark, vem a\u00ed o Cl\u00e1ssico Brasileiro Asa Branca do Gonzag\u00e3o, em \u00f3pera, para emocionar cora\u00e7\u00f5es!<\/p>\n","protected":false},"author":1,"featured_media":2307,"comment_status":"open","ping_status":"open","sticky":false,"template":"","format":"standard","meta":{"_links_to":"","_links_to_target":""},"categories":[1,6],"tags":[],"views":4082,"_links":{"self":[{"href":"https:\/\/www.brazilianpress.com\/v1\/wp-json\/wp\/v2\/posts\/2287"}],"collection":[{"href":"https:\/\/www.brazilianpress.com\/v1\/wp-json\/wp\/v2\/posts"}],"about":[{"href":"https:\/\/www.brazilianpress.com\/v1\/wp-json\/wp\/v2\/types\/post"}],"author":[{"embeddable":true,"href":"https:\/\/www.brazilianpress.com\/v1\/wp-json\/wp\/v2\/users\/1"}],"replies":[{"embeddable":true,"href":"https:\/\/www.brazilianpress.com\/v1\/wp-json\/wp\/v2\/comments?post=2287"}],"version-history":[{"count":3,"href":"https:\/\/www.brazilianpress.com\/v1\/wp-json\/wp\/v2\/posts\/2287\/revisions"}],"predecessor-version":[{"id":2309,"href":"https:\/\/www.brazilianpress.com\/v1\/wp-json\/wp\/v2\/posts\/2287\/revisions\/2309"}],"wp:featuredmedia":[{"embeddable":true,"href":"https:\/\/www.brazilianpress.com\/v1\/wp-json\/wp\/v2\/media\/2307"}],"wp:attachment":[{"href":"https:\/\/www.brazilianpress.com\/v1\/wp-json\/wp\/v2\/media?parent=2287"}],"wp:term":[{"taxonomy":"category","embeddable":true,"href":"https:\/\/www.brazilianpress.com\/v1\/wp-json\/wp\/v2\/categories?post=2287"},{"taxonomy":"post_tag","embeddable":true,"href":"https:\/\/www.brazilianpress.com\/v1\/wp-json\/wp\/v2\/tags?post=2287"}],"curies":[{"name":"wp","href":"https:\/\/api.w.org\/{rel}","templated":true}]}}