{"id":22870,"date":"2016-06-02T14:31:47","date_gmt":"2016-06-02T18:31:47","guid":{"rendered":"http:\/\/www.brazilianpress.com\/v1\/?p=22870"},"modified":"2016-06-02T14:31:47","modified_gmt":"2016-06-02T18:31:47","slug":"jaqueta-inteligente-do-google-permite-fazer-chamadas-e-outras-funcoes","status":"publish","type":"post","link":"https:\/\/www.brazilianpress.com\/v1\/2016\/06\/02\/jaqueta-inteligente-do-google-permite-fazer-chamadas-e-outras-funcoes\/","title":{"rendered":"Jaqueta inteligente do Google permite fazer chamadas e outras fun\u00e7\u00f5es"},"content":{"rendered":"<p><img loading=\"lazy\" class=\"alignnone size-full wp-image-22871\" src=\"http:\/\/www.brazilianpress.com\/v1\/wp-content\/uploads\/2016\/06\/Jaqueta-inteligente.jpg\" alt=\"Jaqueta inteligente\" width=\"500\" height=\"322\" srcset=\"https:\/\/www.brazilianpress.com\/v1\/wp-content\/uploads\/2016\/06\/Jaqueta-inteligente.jpg 500w, https:\/\/www.brazilianpress.com\/v1\/wp-content\/uploads\/2016\/06\/Jaqueta-inteligente-300x193.jpg 300w\" sizes=\"(max-width: 500px) 100vw, 500px\" \/><\/p>\n<p>Ivan Poupyrev, respons\u00e1vel pelo departamento de tecnologia avan\u00e7ada do Google e Projetos anunciou que a empresa est\u00e1 colaborando com vestu\u00e1rios ic\u00f4nicos e lan\u00e7ou a jaqueta inteligente destinada a ciclistas urbanos que permitir\u00e1 que usu\u00e1rios controlem m\u00fasicas, recebam chamadas, naveguem na Internet apenas tocando e deslizando na manga do casaco.<!--more--><\/p>\n<p>A parceria da Google com Levi foi anunciada pela primeira vez no ano passado, mas as duas empresas ainda n\u00e3o tinham divulgado como o fabricante de roupas iria implementar a tecnologia do Projeto Jacquard. Com esse revestimento, os usu\u00e1rios ser\u00e3o capazes de simplesmente tocar a manga e usar gestos delicados para controlar v\u00e1rias fun\u00e7\u00f5es.<\/p>\n<p>Uma tag de Jacquard \u00e9 incorporada na manga do revestimento, tornando esta funcionalidade poss\u00edvel, e pode ser puxado para fora e conectado via USB. Esta tag se conecta com o LED, bateria e sensor no tecido do vestu\u00e1rio. Os pontos de conex\u00e3o para a tecnologia inteligente aproveitam os buracos do bot\u00e3o do casaco. Al\u00e9m disso, a plataforma inclui uma aplica\u00e7\u00e3o m\u00f3vel que conecta suas roupas inteligentes para a nuvem. \u201cH\u00e1 um desafio \u00fanico na cria\u00e7\u00e3o de uma plataforma de roupa inteligente \u2013 moda e tecnologia t\u00eam que funcionar como uma, mas n\u00e3o h\u00e1 tens\u00e3o inerente entre os dois\u201d, disse Poupyrev.<\/p>\n<p>Al\u00e9m de controlar as fun\u00e7\u00f5es do telefone nativas, como chamadas, assim como o Google Maps e Google Play Music, o Google diz que as jaquetas tamb\u00e9m aceitaram servi\u00e7os de terceiros. Isso significa que voc\u00ea vai ser capaz de usar os toques para controlar sua m\u00fasica Spotify, por exemplo, ou um aplicativo de fitness conectado, como Strava. O que tudo indica, a empresa tornar\u00e1 dispon\u00edvel para comercializa\u00e7\u00e3o na primavera 2017.<\/p>\n","protected":false},"excerpt":{"rendered":"<p>Ivan Poupyrev, respons\u00e1vel pelo departamento de tecnologia avan\u00e7ada do Google e Projetos anunciou que a empresa est\u00e1 colaborando com vestu\u00e1rios ic\u00f4nicos e lan\u00e7ou a jaqueta inteligente destinada a ciclistas urbanos que permitir\u00e1 que usu\u00e1rios controlem m\u00fasicas, recebam chamadas, naveguem na Internet apenas tocando e deslizando na manga do casaco.<\/p>\n","protected":false},"author":1,"featured_media":22871,"comment_status":"open","ping_status":"open","sticky":false,"template":"","format":"standard","meta":{"_links_to":"","_links_to_target":""},"categories":[4,1],"tags":[],"views":2089,"_links":{"self":[{"href":"https:\/\/www.brazilianpress.com\/v1\/wp-json\/wp\/v2\/posts\/22870"}],"collection":[{"href":"https:\/\/www.brazilianpress.com\/v1\/wp-json\/wp\/v2\/posts"}],"about":[{"href":"https:\/\/www.brazilianpress.com\/v1\/wp-json\/wp\/v2\/types\/post"}],"author":[{"embeddable":true,"href":"https:\/\/www.brazilianpress.com\/v1\/wp-json\/wp\/v2\/users\/1"}],"replies":[{"embeddable":true,"href":"https:\/\/www.brazilianpress.com\/v1\/wp-json\/wp\/v2\/comments?post=22870"}],"version-history":[{"count":1,"href":"https:\/\/www.brazilianpress.com\/v1\/wp-json\/wp\/v2\/posts\/22870\/revisions"}],"predecessor-version":[{"id":22872,"href":"https:\/\/www.brazilianpress.com\/v1\/wp-json\/wp\/v2\/posts\/22870\/revisions\/22872"}],"wp:featuredmedia":[{"embeddable":true,"href":"https:\/\/www.brazilianpress.com\/v1\/wp-json\/wp\/v2\/media\/22871"}],"wp:attachment":[{"href":"https:\/\/www.brazilianpress.com\/v1\/wp-json\/wp\/v2\/media?parent=22870"}],"wp:term":[{"taxonomy":"category","embeddable":true,"href":"https:\/\/www.brazilianpress.com\/v1\/wp-json\/wp\/v2\/categories?post=22870"},{"taxonomy":"post_tag","embeddable":true,"href":"https:\/\/www.brazilianpress.com\/v1\/wp-json\/wp\/v2\/tags?post=22870"}],"curies":[{"name":"wp","href":"https:\/\/api.w.org\/{rel}","templated":true}]}}