{"id":22873,"date":"2016-06-02T14:33:22","date_gmt":"2016-06-02T18:33:22","guid":{"rendered":"http:\/\/www.brazilianpress.com\/v1\/?p=22873"},"modified":"2016-06-02T14:33:22","modified_gmt":"2016-06-02T18:33:22","slug":"facebook-e-twitter-assinam-codigo-de-conduta-da-ue-para-combater-incitacao-ao-odio","status":"publish","type":"post","link":"https:\/\/www.brazilianpress.com\/v1\/2016\/06\/02\/facebook-e-twitter-assinam-codigo-de-conduta-da-ue-para-combater-incitacao-ao-odio\/","title":{"rendered":"Facebook e Twitter assinam c\u00f3digo de conduta da UE para combater incita\u00e7\u00e3o ao \u00f3dio"},"content":{"rendered":"<p><img loading=\"lazy\" class=\"alignnone size-full wp-image-22874\" src=\"http:\/\/www.brazilianpress.com\/v1\/wp-content\/uploads\/2016\/06\/Facebook-e-Twitter.jpg\" alt=\"Facebook e Twitter\" width=\"500\" height=\"332\" srcset=\"https:\/\/www.brazilianpress.com\/v1\/wp-content\/uploads\/2016\/06\/Facebook-e-Twitter.jpg 500w, https:\/\/www.brazilianpress.com\/v1\/wp-content\/uploads\/2016\/06\/Facebook-e-Twitter-300x199.jpg 300w\" sizes=\"(max-width: 500px) 100vw, 500px\" \/><\/p>\n<p>Facebook, Twitter, YouTube e Microsoft assinaram um c\u00f3digo de conduta da Uni\u00e3o Europeia atrav\u00e9s do qual se comprometem a lutar contra a incita\u00e7\u00e3o ao \u00f3dio nas redes sociais, anunciou na ter\u00e7a-feira a Comiss\u00e3o Europeia.<\/p>\n<p>Estas empresas se comprometem a &#8220;ter procedimentos claros e eficazes para analisar&#8221; as den\u00fancias de &#8220;discursos que incitem o \u00f3dio&#8221; em seus suportes, segundo o texto publicado pela Comiss\u00e3o.<!--more--><\/p>\n<p>A &#8220;maioria das notifica\u00e7\u00f5es v\u00e1lidas&#8221; que exigirem a supress\u00e3o de conte\u00fados dever\u00e3o ser analisadas &#8220;em menos de 24 horas&#8221; e suprimidas se for necess\u00e1rio, afirma o novo c\u00f3digo.<\/p>\n<p>Os signat\u00e1rios tamb\u00e9m se comprometem a fornecer uma &#8220;forma\u00e7\u00e3o peri\u00f3dica aos seus funcion\u00e1rios sobre a evolu\u00e7\u00e3o da sociedade atual&#8221; e a &#8220;intensificar a coopera\u00e7\u00e3o entre si e com outras plataformas e empresas de meios de comunica\u00e7\u00e3o social para refor\u00e7ar o interc\u00e2mbio de boas pr\u00e1ticas&#8221;.<\/p>\n<p>&#8220;Os recentes atentados terroristas nos lembraram da necessidade urgente de enfrentar a incita\u00e7\u00e3o ilegal ao \u00f3dio na internet&#8221;, estimou a comiss\u00e1ria europeia a cargo da Justi\u00e7a, Vera Jourova, citada em um comunicado.<\/p>\n<p>&#8220;Infelizmente, as redes sociais s\u00e3o um dos instrumentos que os grupos terroristas utilizam para radicalizar as pessoas jovens e os racistas para divulgar a viol\u00eancia e o \u00f3dio&#8221;, acrescentou.<\/p>\n<p>No Twitter, &#8220;mantemos nosso compromisso de permitir que o fluxo de tuites continue&#8221;, mas &#8220;existe uma clara distin\u00e7\u00e3o entre a liberdade de express\u00e3o e as condutas que incitam a viol\u00eancia e o \u00f3dio&#8221;, estimou Karen White, respons\u00e1vel de pol\u00edticas europeias da rede social, citada no comunicado da Comiss\u00e3o.<\/p>\n<p>&#8220;Convocamos as pessoas a utilizar nossos instrumentos de notifica\u00e7\u00e3o se encontrarem conte\u00fados que acreditem que violam nossas normas, de forma que possamos investigar&#8221;, disse tamb\u00e9m citada no comunicado Monika Bickert, respons\u00e1vel de gest\u00e3o de pol\u00edtica global do Facebook.<\/p>\n","protected":false},"excerpt":{"rendered":"<p>Facebook, Twitter, YouTube e Microsoft assinaram um c\u00f3digo de conduta da Uni\u00e3o Europeia atrav\u00e9s do qual se comprometem a lutar contra a incita\u00e7\u00e3o ao \u00f3dio nas redes sociais, anunciou na ter\u00e7a-feira a Comiss\u00e3o Europeia. Estas empresas se comprometem a &#8220;ter procedimentos claros e eficazes para analisar&#8221; as den\u00fancias de &#8220;discursos que incitem o \u00f3dio&#8221; em seus suportes, segundo o texto publicado pela Comiss\u00e3o.<\/p>\n","protected":false},"author":1,"featured_media":22874,"comment_status":"open","ping_status":"open","sticky":false,"template":"","format":"standard","meta":{"_links_to":"","_links_to_target":""},"categories":[4,1],"tags":[],"views":1771,"_links":{"self":[{"href":"https:\/\/www.brazilianpress.com\/v1\/wp-json\/wp\/v2\/posts\/22873"}],"collection":[{"href":"https:\/\/www.brazilianpress.com\/v1\/wp-json\/wp\/v2\/posts"}],"about":[{"href":"https:\/\/www.brazilianpress.com\/v1\/wp-json\/wp\/v2\/types\/post"}],"author":[{"embeddable":true,"href":"https:\/\/www.brazilianpress.com\/v1\/wp-json\/wp\/v2\/users\/1"}],"replies":[{"embeddable":true,"href":"https:\/\/www.brazilianpress.com\/v1\/wp-json\/wp\/v2\/comments?post=22873"}],"version-history":[{"count":1,"href":"https:\/\/www.brazilianpress.com\/v1\/wp-json\/wp\/v2\/posts\/22873\/revisions"}],"predecessor-version":[{"id":22875,"href":"https:\/\/www.brazilianpress.com\/v1\/wp-json\/wp\/v2\/posts\/22873\/revisions\/22875"}],"wp:featuredmedia":[{"embeddable":true,"href":"https:\/\/www.brazilianpress.com\/v1\/wp-json\/wp\/v2\/media\/22874"}],"wp:attachment":[{"href":"https:\/\/www.brazilianpress.com\/v1\/wp-json\/wp\/v2\/media?parent=22873"}],"wp:term":[{"taxonomy":"category","embeddable":true,"href":"https:\/\/www.brazilianpress.com\/v1\/wp-json\/wp\/v2\/categories?post=22873"},{"taxonomy":"post_tag","embeddable":true,"href":"https:\/\/www.brazilianpress.com\/v1\/wp-json\/wp\/v2\/tags?post=22873"}],"curies":[{"name":"wp","href":"https:\/\/api.w.org\/{rel}","templated":true}]}}