{"id":22885,"date":"2016-06-02T14:40:11","date_gmt":"2016-06-02T18:40:11","guid":{"rendered":"http:\/\/www.brazilianpress.com\/v1\/?p=22885"},"modified":"2016-06-02T14:40:11","modified_gmt":"2016-06-02T18:40:11","slug":"no-texas-fez-pacto-de-suicidio-com-a-noiva-a-matou-e-publicou-foto-no-facebook","status":"publish","type":"post","link":"https:\/\/www.brazilianpress.com\/v1\/2016\/06\/02\/no-texas-fez-pacto-de-suicidio-com-a-noiva-a-matou-e-publicou-foto-no-facebook\/","title":{"rendered":"No Texas: fez pacto de suic\u00eddio com a noiva, a matou e publicou foto no Facebook"},"content":{"rendered":"<p><img loading=\"lazy\" class=\"alignnone size-full wp-image-22886\" src=\"http:\/\/www.brazilianpress.com\/v1\/wp-content\/uploads\/2016\/06\/No-Texas-fez-pacto.jpg\" alt=\"No Texas fez pacto\" width=\"500\" height=\"287\" srcset=\"https:\/\/www.brazilianpress.com\/v1\/wp-content\/uploads\/2016\/06\/No-Texas-fez-pacto.jpg 500w, https:\/\/www.brazilianpress.com\/v1\/wp-content\/uploads\/2016\/06\/No-Texas-fez-pacto-300x172.jpg 300w\" sizes=\"(max-width: 500px) 100vw, 500px\" \/><\/p>\n<p>Documentos da corte revelam detalhes do que segundo o acusado foi um pacto entre ele e a v\u00edtima para apunhalar-se at\u00e9 a morte.<\/p>\n<p>Um homem de 45 anos foi acusado de assassinato logo ap\u00f3s publicar uma fotografia nas redes sociais do cad\u00e1ver de sua noiva, informou a pol\u00edcia de Plano, sub\u00farbio de Dallas, Texas.<!--more--><\/p>\n<p>Kenneth Alan Amyx est\u00e1 detido desde ter\u00e7a-feira no condado de Collin. A pol\u00edcia disse que os agentes utilizaram a for\u00e7a para entrar em um departamento em Plano, depois de receber uma chamada no domingo da irm\u00e3 da v\u00edtima, Jennifer Lee Spears, de 43 anos.<\/p>\n<p>Os agentes encontram o corpo de Spears com feridas de faca e sobre ela estava nu Amyx, que sangrava de feridas superficiais que parecia que ele mesmo se havia feito. Os oficiais pensavam que o homem tamb\u00e9m estava morto at\u00e9 que come\u00e7aram a ouvir ru\u00eddos.<\/p>\n<p><img loading=\"lazy\" class=\"alignnone size-full wp-image-22887\" src=\"http:\/\/www.brazilianpress.com\/v1\/wp-content\/uploads\/2016\/06\/No-Texas.jpg\" alt=\"No Texas\" width=\"500\" height=\"286\" srcset=\"https:\/\/www.brazilianpress.com\/v1\/wp-content\/uploads\/2016\/06\/No-Texas.jpg 500w, https:\/\/www.brazilianpress.com\/v1\/wp-content\/uploads\/2016\/06\/No-Texas-300x172.jpg 300w\" sizes=\"(max-width: 500px) 100vw, 500px\" \/><\/p>\n<p>Durante o interrogat\u00f3rio Amyx declarou que h\u00e1 muito tempo era amigo de Jennifer e que haviam come\u00e7ado a namorar havia 4 meses. Explicou que planejaram morrer juntos quando souberam que ele era procurado por outros delitos.<\/p>\n<p>Amyx disse que no dia do assassinato, ambos beberam e concordaram em esfaquear-se um ao outro at\u00e9 morrer. Se jogaram no ch\u00e3o com uma faca em poder de cada um.<\/p>\n<p>Ele declarou que cortou a parte posterior do peito dela e se cortaram entre si. Amyx contou que ela disse que sentia frio e que a cortasse com mais for\u00e7a.<\/p>\n<p>Assim o fez e quando tirou a faca do ferimento come\u00e7ou a sair sangue por toda parte. Amyx falou que pegou a m\u00e3o com que ela segurava uma faca e se cortou. Os m\u00e9dicos disseram que o homem tinha um ferimento de 8 cent\u00edmetros no lado direito do peito.<\/p>\n<p>O homem afirmou que publicou fotos dos dois feridos no Facebook. A v\u00edtima tinha feridas no antebra\u00e7o, punhos e peito. O homem disse que ela &#8220;se acovardou&#8221; e ele teve que termin\u00e1-lo por ela.<\/p>\n<p>Amyx tamb\u00e9m enfrenta acusa\u00e7\u00f5es de indec\u00eancia com um menino em Dallas e abuso sexual cont\u00ednuo de um garoto de 14 anos em Rockwall.<\/p>\n<p>Amigos dizem que Amyx era esquisito, mas que nunca pensaram que isto poderia suceder.<\/p>\n","protected":false},"excerpt":{"rendered":"<p>Documentos da corte revelam detalhes do que segundo o acusado foi um pacto entre ele e a v\u00edtima para apunhalar-se at\u00e9 a morte. Um homem de 45 anos foi acusado de assassinato logo ap\u00f3s publicar uma fotografia nas redes sociais do cad\u00e1ver de sua noiva, informou a pol\u00edcia de Plano, sub\u00farbio de Dallas, Texas.<\/p>\n","protected":false},"author":1,"featured_media":22886,"comment_status":"open","ping_status":"open","sticky":false,"template":"","format":"standard","meta":{"_links_to":"","_links_to_target":""},"categories":[4,1],"tags":[],"views":2176,"_links":{"self":[{"href":"https:\/\/www.brazilianpress.com\/v1\/wp-json\/wp\/v2\/posts\/22885"}],"collection":[{"href":"https:\/\/www.brazilianpress.com\/v1\/wp-json\/wp\/v2\/posts"}],"about":[{"href":"https:\/\/www.brazilianpress.com\/v1\/wp-json\/wp\/v2\/types\/post"}],"author":[{"embeddable":true,"href":"https:\/\/www.brazilianpress.com\/v1\/wp-json\/wp\/v2\/users\/1"}],"replies":[{"embeddable":true,"href":"https:\/\/www.brazilianpress.com\/v1\/wp-json\/wp\/v2\/comments?post=22885"}],"version-history":[{"count":1,"href":"https:\/\/www.brazilianpress.com\/v1\/wp-json\/wp\/v2\/posts\/22885\/revisions"}],"predecessor-version":[{"id":22888,"href":"https:\/\/www.brazilianpress.com\/v1\/wp-json\/wp\/v2\/posts\/22885\/revisions\/22888"}],"wp:featuredmedia":[{"embeddable":true,"href":"https:\/\/www.brazilianpress.com\/v1\/wp-json\/wp\/v2\/media\/22886"}],"wp:attachment":[{"href":"https:\/\/www.brazilianpress.com\/v1\/wp-json\/wp\/v2\/media?parent=22885"}],"wp:term":[{"taxonomy":"category","embeddable":true,"href":"https:\/\/www.brazilianpress.com\/v1\/wp-json\/wp\/v2\/categories?post=22885"},{"taxonomy":"post_tag","embeddable":true,"href":"https:\/\/www.brazilianpress.com\/v1\/wp-json\/wp\/v2\/tags?post=22885"}],"curies":[{"name":"wp","href":"https:\/\/api.w.org\/{rel}","templated":true}]}}