{"id":22889,"date":"2016-06-02T14:41:38","date_gmt":"2016-06-02T18:41:38","guid":{"rendered":"http:\/\/www.brazilianpress.com\/v1\/?p=22889"},"modified":"2016-06-02T14:41:38","modified_gmt":"2016-06-02T18:41:38","slug":"depois-que-um-garoto-de-10-anos-teve-problemas-de-pele-devido-a-tatuagens-de-hena-medicos-alertam-para-o-perigo","status":"publish","type":"post","link":"https:\/\/www.brazilianpress.com\/v1\/2016\/06\/02\/depois-que-um-garoto-de-10-anos-teve-problemas-de-pele-devido-a-tatuagens-de-hena-medicos-alertam-para-o-perigo\/","title":{"rendered":"Depois que um garoto de 10 anos teve problemas de pele devido a tatuagens de Hena, m\u00e9dicos alertam para o perigo"},"content":{"rendered":"<p><img loading=\"lazy\" class=\"alignright  wp-image-22890\" src=\"http:\/\/www.brazilianpress.com\/v1\/wp-content\/uploads\/2016\/06\/tatuagem-de-hena.jpg\" alt=\"tatuagem de hena\" width=\"283\" height=\"425\" srcset=\"https:\/\/www.brazilianpress.com\/v1\/wp-content\/uploads\/2016\/06\/tatuagem-de-hena.jpg 500w, https:\/\/www.brazilianpress.com\/v1\/wp-content\/uploads\/2016\/06\/tatuagem-de-hena-200x300.jpg 200w\" sizes=\"(max-width: 283px) 100vw, 283px\" \/>Os m\u00e9dicos est\u00e3o sugerindo que todos considerem evitar tatuagens de hena preta, especialmente durante viagens, depois que um menino de 10 anos do Reino Unido sofreu com uma dolorosa rea\u00e7\u00e3o al\u00e9rgica. De acordo com um novo estudo, publicado na\u00a0BMJ Case Reports,\u00a0o fato aconteceu enquanto ele viajava para a Espanha com sua fam\u00edlia.<!--more--><\/p>\n<p>O menino visitou seu m\u00e9dico ap\u00f3s perceber manchas vermelhas e dolorosas no contorno da tatuagem. Quatro dias depois, surgiram erup\u00e7\u00f5es e crostas na pele do garoto, todas dolorosas e quentes, ao toque. Os m\u00e9dicos trataram o paciente com antibi\u00f3ticos, um corticoide t\u00f3pico, um anest\u00e9sico local e hidratantes. Ap\u00f3s 48 horas, as les\u00f5es come\u00e7aram a melhorar, embora ainda houvesse hiperpigmenta\u00e7\u00e3o no local da tatuagem 10 dias depois.<\/p>\n<p>\u00c9 prov\u00e1vel que a rea\u00e7\u00e3o tenha sido causada pelo parafenilenodiamina (PPD), da tintura t\u00eaxtil, de acordo com a autora do estudo, Jaya Sujatha Gopal-Kothandapani, PhD e pesquisadora de endocrinologia pedi\u00e1trica no Departamento de Oncologia e Metabolismo da\u00a0University of Sheffield.<\/p>\n<p>\u201cEste corante \u00e9 um alerg\u00eanico conhecido e pode causar fortes efeitos colaterais, como vermelhid\u00e3o, bolhas, coceira e descolora\u00e7\u00e3o da pele\u201d, disse Gopal-Kothandapani aoYahoo Beauty. \u201cIsso pode causar danos permanentes \u00e0 pele ou levar a uma rea\u00e7\u00e3o al\u00e9rgica que causa risco de vida, em alguns casos. A exposi\u00e7\u00e3o a este corante tamb\u00e9m pode aumentar o risco de uma r\u00e1pida e severa rea\u00e7\u00e3o al\u00e9rgica a tinturas de cabelo no futuro\u201d.<\/p>\n<p>E isso n\u00e3o acontece apenas com as tinturas de cabelo, diz Gopal-Kothandapani. Este produto pode sensibilizar as pessoas para outros qu\u00edmicos feitos para fabricar roupas pretas, protetor solar e outros, causando uma rea\u00e7\u00e3o severa a estes agentes no futuro.<\/p>\n","protected":false},"excerpt":{"rendered":"<p>Os m\u00e9dicos est\u00e3o sugerindo que todos considerem evitar tatuagens de hena preta, especialmente durante viagens, depois que um menino de 10 anos do Reino Unido sofreu com uma dolorosa rea\u00e7\u00e3o al\u00e9rgica. De acordo com um novo estudo, publicado na\u00a0BMJ Case Reports,\u00a0o fato aconteceu enquanto ele viajava para a Espanha com sua fam\u00edlia.<\/p>\n","protected":false},"author":1,"featured_media":22890,"comment_status":"open","ping_status":"open","sticky":false,"template":"","format":"standard","meta":{"_links_to":"","_links_to_target":""},"categories":[4,1],"tags":[],"views":2105,"_links":{"self":[{"href":"https:\/\/www.brazilianpress.com\/v1\/wp-json\/wp\/v2\/posts\/22889"}],"collection":[{"href":"https:\/\/www.brazilianpress.com\/v1\/wp-json\/wp\/v2\/posts"}],"about":[{"href":"https:\/\/www.brazilianpress.com\/v1\/wp-json\/wp\/v2\/types\/post"}],"author":[{"embeddable":true,"href":"https:\/\/www.brazilianpress.com\/v1\/wp-json\/wp\/v2\/users\/1"}],"replies":[{"embeddable":true,"href":"https:\/\/www.brazilianpress.com\/v1\/wp-json\/wp\/v2\/comments?post=22889"}],"version-history":[{"count":1,"href":"https:\/\/www.brazilianpress.com\/v1\/wp-json\/wp\/v2\/posts\/22889\/revisions"}],"predecessor-version":[{"id":22891,"href":"https:\/\/www.brazilianpress.com\/v1\/wp-json\/wp\/v2\/posts\/22889\/revisions\/22891"}],"wp:featuredmedia":[{"embeddable":true,"href":"https:\/\/www.brazilianpress.com\/v1\/wp-json\/wp\/v2\/media\/22890"}],"wp:attachment":[{"href":"https:\/\/www.brazilianpress.com\/v1\/wp-json\/wp\/v2\/media?parent=22889"}],"wp:term":[{"taxonomy":"category","embeddable":true,"href":"https:\/\/www.brazilianpress.com\/v1\/wp-json\/wp\/v2\/categories?post=22889"},{"taxonomy":"post_tag","embeddable":true,"href":"https:\/\/www.brazilianpress.com\/v1\/wp-json\/wp\/v2\/tags?post=22889"}],"curies":[{"name":"wp","href":"https:\/\/api.w.org\/{rel}","templated":true}]}}