{"id":23235,"date":"2016-06-23T13:51:11","date_gmt":"2016-06-23T17:51:11","guid":{"rendered":"http:\/\/www.brazilianpress.com\/v1\/?p=23235"},"modified":"2016-06-23T13:51:11","modified_gmt":"2016-06-23T17:51:11","slug":"a-apple-esta-com-problemas-para-suprir-a-demanda-pelo-iphone-mais-barato","status":"publish","type":"post","link":"https:\/\/www.brazilianpress.com\/v1\/2016\/06\/23\/a-apple-esta-com-problemas-para-suprir-a-demanda-pelo-iphone-mais-barato\/","title":{"rendered":"A Apple est\u00e1 com problemas para suprir a demanda pelo iPhone \u201cmais barato"},"content":{"rendered":"<p><img loading=\"lazy\" class=\"alignnone size-full wp-image-23236\" src=\"http:\/\/www.brazilianpress.com\/v1\/wp-content\/uploads\/2016\/06\/iphone-se-apple.jpg\" alt=\"iphone se apple\" width=\"500\" height=\"340\" srcset=\"https:\/\/www.brazilianpress.com\/v1\/wp-content\/uploads\/2016\/06\/iphone-se-apple.jpg 500w, https:\/\/www.brazilianpress.com\/v1\/wp-content\/uploads\/2016\/06\/iphone-se-apple-300x204.jpg 300w\" sizes=\"(max-width: 500px) 100vw, 500px\" \/><\/p>\n<p>J\u00e1 faz mais de dois meses que a Apple lan\u00e7ou o iPhone SE. At\u00e9 agora, por\u00e9m a empresa n\u00e3o conseguiu se adaptar ao tamanho da demanda pelo aparelho.<\/p>\n<p>De acordo com o Apple Insider, a espera pelo aparelho nas varejistas da Apple \u00e9 de duas semanas ou mais. O fornecimento do dispositivo \u00e9 limitado desde mar\u00e7o, quando chegou \u00e0s lojas dos EUA.<!--more--><\/p>\n<p>Na \u00faltima reuni\u00e3o de resultados da empresa, o CEO Tim Cook deu a entender que a demanda pelo aparelho mais barato lan\u00e7ado neste ano superara as expectativas da empresa.<\/p>\n<p>Parte desse sucesso se deve justamente ao pre\u00e7o. Enquanto o iPhone 6S custa US$ 650 nos EUA, o lan\u00e7amento de mar\u00e7o, que tem configura\u00e7\u00f5es extremamente semelhantes em uma carca\u00e7a menor, tem pre\u00e7o inicial de US$ 399. No Brasil, os pre\u00e7os s\u00e3o a partir de R$ 3.999 e de R$ 2.699, respectivamente.<\/p>\n<p>Outra explica\u00e7\u00e3o para o sucesso \u00e9 a exclusividade: o aparelho \u00e9 basicamente a \u00fanica op\u00e7\u00e3o atualmente com caracter\u00edsticas de topo de linha e tela pequena \u2013 o que pode ser prefer\u00eancia de parte dos consumidores.<\/p>\n<p>A Apple supostamente teria decidido em abril, aumentar a produ\u00e7\u00e3o do SE para mais de 5 milh\u00f5es de unidades no trimestre. Mesmo assim, a demanda continua superior \u00e0 oferta, segundo o portal, nos EUA e em outros pa\u00edses \u2013 na China e na \u00cdndia, o tr\u00e1fego do site oficial da companhia aumentou em 150% depois do lan\u00e7amento do produto.<\/p>\n","protected":false},"excerpt":{"rendered":"<p>J\u00e1 faz mais de dois meses que a Apple lan\u00e7ou o iPhone SE. At\u00e9 agora, por\u00e9m a empresa n\u00e3o conseguiu se adaptar ao tamanho da demanda pelo aparelho. De acordo com o Apple Insider, a espera pelo aparelho nas varejistas da Apple \u00e9 de duas semanas ou mais. O fornecimento do dispositivo \u00e9 limitado desde mar\u00e7o, quando chegou \u00e0s lojas dos EUA.<\/p>\n","protected":false},"author":1,"featured_media":23236,"comment_status":"open","ping_status":"open","sticky":false,"template":"","format":"standard","meta":{"_links_to":"","_links_to_target":""},"categories":[4,1],"tags":[],"views":1865,"_links":{"self":[{"href":"https:\/\/www.brazilianpress.com\/v1\/wp-json\/wp\/v2\/posts\/23235"}],"collection":[{"href":"https:\/\/www.brazilianpress.com\/v1\/wp-json\/wp\/v2\/posts"}],"about":[{"href":"https:\/\/www.brazilianpress.com\/v1\/wp-json\/wp\/v2\/types\/post"}],"author":[{"embeddable":true,"href":"https:\/\/www.brazilianpress.com\/v1\/wp-json\/wp\/v2\/users\/1"}],"replies":[{"embeddable":true,"href":"https:\/\/www.brazilianpress.com\/v1\/wp-json\/wp\/v2\/comments?post=23235"}],"version-history":[{"count":1,"href":"https:\/\/www.brazilianpress.com\/v1\/wp-json\/wp\/v2\/posts\/23235\/revisions"}],"predecessor-version":[{"id":23237,"href":"https:\/\/www.brazilianpress.com\/v1\/wp-json\/wp\/v2\/posts\/23235\/revisions\/23237"}],"wp:featuredmedia":[{"embeddable":true,"href":"https:\/\/www.brazilianpress.com\/v1\/wp-json\/wp\/v2\/media\/23236"}],"wp:attachment":[{"href":"https:\/\/www.brazilianpress.com\/v1\/wp-json\/wp\/v2\/media?parent=23235"}],"wp:term":[{"taxonomy":"category","embeddable":true,"href":"https:\/\/www.brazilianpress.com\/v1\/wp-json\/wp\/v2\/categories?post=23235"},{"taxonomy":"post_tag","embeddable":true,"href":"https:\/\/www.brazilianpress.com\/v1\/wp-json\/wp\/v2\/tags?post=23235"}],"curies":[{"name":"wp","href":"https:\/\/api.w.org\/{rel}","templated":true}]}}