{"id":23247,"date":"2016-06-23T13:58:22","date_gmt":"2016-06-23T17:58:22","guid":{"rendered":"http:\/\/www.brazilianpress.com\/v1\/?p=23247"},"modified":"2016-06-23T13:58:22","modified_gmt":"2016-06-23T17:58:22","slug":"ice-prende-331-supostos-criminosos-a-maioria-em-chicago","status":"publish","type":"post","link":"https:\/\/www.brazilianpress.com\/v1\/2016\/06\/23\/ice-prende-331-supostos-criminosos-a-maioria-em-chicago\/","title":{"rendered":"ICE prende 331 supostos criminosos, a maioria em Chicago"},"content":{"rendered":"<p><img loading=\"lazy\" class=\"alignnone size-full wp-image-23248\" src=\"http:\/\/www.brazilianpress.com\/v1\/wp-content\/uploads\/2016\/06\/ICE.jpg\" alt=\"ICE\" width=\"500\" height=\"357\" srcset=\"https:\/\/www.brazilianpress.com\/v1\/wp-content\/uploads\/2016\/06\/ICE.jpg 500w, https:\/\/www.brazilianpress.com\/v1\/wp-content\/uploads\/2016\/06\/ICE-300x214.jpg 300w\" sizes=\"(max-width: 500px) 100vw, 500px\" \/><\/p>\n<p>Agentes do Servi\u00e7o de Imigra\u00e7\u00e3o e Controle de Alf\u00e2ndega (ICE), anunciou a captura de 331 supostos delinquentes estrangeiros e violadores das leis de imigra\u00e7\u00e3o durante uma opera\u00e7\u00e3o de um m\u00eas na regi\u00e3o do meio oeste.<!--more--><\/p>\n<p>Atrav\u00e9s de um comunicado emitido pelo ICE, a ag\u00eancia informou que a opera\u00e7\u00e3o se estendeu por um m\u00eas e concluiu com a pris\u00e3o de criminosos condenados estrangeiros nos estados de Illinois, Indiana, Wisconsin, Kentucky, Kansas e Missouri.<\/p>\n<p>A ag\u00eancia informa que dos 331 detidos, 107 foram presos em Chicago e que 96 estavam condenados por delitos incluindo: roubo, posse de ve\u00edculos roubados, dire\u00e7\u00e3o embriagados, dist\u00farbios, crimes sexuais, agress\u00e3o a um oficial e delitos relacionados a armas de fogo. De acordo com o comunicado, 11 dos presos s\u00e3o prioridade para a ag\u00eancia por terem cruzado recentemente as fronteiras ilegalmente, 21 destes haviam sido deportados e segundo o ICE, voltaram a entrar nos Estados Unidos de forma ilegal.<\/p>\n<p>ICE informou que entre os detidos se encontra um membro da quadrilha Latin Kings de 38 anos, que havia sido deportado ao M\u00e9xico. De acordo com o ICE, os detidos que t\u00eam ordens de deporta\u00e7\u00e3o ou que ingressaram no pa\u00eds ilegalmente logo depois de serem deportados est\u00e3o sujeitos \u00e0 expuls\u00e3o imediata do pa\u00eds.<\/p>\n","protected":false},"excerpt":{"rendered":"<p>Agentes do Servi\u00e7o de Imigra\u00e7\u00e3o e Controle de Alf\u00e2ndega (ICE), anunciou a captura de 331 supostos delinquentes estrangeiros e violadores das leis de imigra\u00e7\u00e3o durante uma opera\u00e7\u00e3o de um m\u00eas na regi\u00e3o do meio oeste.<\/p>\n","protected":false},"author":1,"featured_media":23248,"comment_status":"open","ping_status":"open","sticky":false,"template":"","format":"standard","meta":{"_links_to":"","_links_to_target":""},"categories":[4,1],"tags":[],"views":1785,"_links":{"self":[{"href":"https:\/\/www.brazilianpress.com\/v1\/wp-json\/wp\/v2\/posts\/23247"}],"collection":[{"href":"https:\/\/www.brazilianpress.com\/v1\/wp-json\/wp\/v2\/posts"}],"about":[{"href":"https:\/\/www.brazilianpress.com\/v1\/wp-json\/wp\/v2\/types\/post"}],"author":[{"embeddable":true,"href":"https:\/\/www.brazilianpress.com\/v1\/wp-json\/wp\/v2\/users\/1"}],"replies":[{"embeddable":true,"href":"https:\/\/www.brazilianpress.com\/v1\/wp-json\/wp\/v2\/comments?post=23247"}],"version-history":[{"count":1,"href":"https:\/\/www.brazilianpress.com\/v1\/wp-json\/wp\/v2\/posts\/23247\/revisions"}],"predecessor-version":[{"id":23249,"href":"https:\/\/www.brazilianpress.com\/v1\/wp-json\/wp\/v2\/posts\/23247\/revisions\/23249"}],"wp:featuredmedia":[{"embeddable":true,"href":"https:\/\/www.brazilianpress.com\/v1\/wp-json\/wp\/v2\/media\/23248"}],"wp:attachment":[{"href":"https:\/\/www.brazilianpress.com\/v1\/wp-json\/wp\/v2\/media?parent=23247"}],"wp:term":[{"taxonomy":"category","embeddable":true,"href":"https:\/\/www.brazilianpress.com\/v1\/wp-json\/wp\/v2\/categories?post=23247"},{"taxonomy":"post_tag","embeddable":true,"href":"https:\/\/www.brazilianpress.com\/v1\/wp-json\/wp\/v2\/tags?post=23247"}],"curies":[{"name":"wp","href":"https:\/\/api.w.org\/{rel}","templated":true}]}}