{"id":23250,"date":"2016-06-23T14:00:04","date_gmt":"2016-06-23T18:00:04","guid":{"rendered":"http:\/\/www.brazilianpress.com\/v1\/?p=23250"},"modified":"2016-06-23T14:00:04","modified_gmt":"2016-06-23T18:00:04","slug":"a-arvore-da-morte-a-mais-perigosa-do-mundo-segundo-o-livro-dos-recordes","status":"publish","type":"post","link":"https:\/\/www.brazilianpress.com\/v1\/2016\/06\/23\/a-arvore-da-morte-a-mais-perigosa-do-mundo-segundo-o-livro-dos-recordes\/","title":{"rendered":"A &#8216;\u00e1rvore da morte&#8217;, a mais perigosa do mundo segundo o livro dos recordes"},"content":{"rendered":"<p><img loading=\"lazy\" class=\"alignnone size-full wp-image-23251\" src=\"http:\/\/www.brazilianpress.com\/v1\/wp-content\/uploads\/2016\/06\/arvore-da-morte.jpg\" alt=\"arvore da morte\" width=\"500\" height=\"281\" srcset=\"https:\/\/www.brazilianpress.com\/v1\/wp-content\/uploads\/2016\/06\/arvore-da-morte.jpg 500w, https:\/\/www.brazilianpress.com\/v1\/wp-content\/uploads\/2016\/06\/arvore-da-morte-300x169.jpg 300w\" sizes=\"(max-width: 500px) 100vw, 500px\" \/><\/p>\n<p>Dizem que, quando os conquistadores chegaram, v\u00e1rios deles se intoxicaram ao comer seus frutos. Falam que os ind\u00edgenas usavam a \u00e1rvore para tortura, amarrando pessoas a seu tronco e deixando-as ali para que sofressem quando chegasse a chuva.<!--more--><\/p>\n<p>Contam que, al\u00e9m disso, os nativos envenenavam suas flechas com sua seiva. A temida planta cresce em paisagens id\u00edlicas e pode alcan\u00e7ar grandes alturas. Seus galhos \u00e0s vezes repousam sobre a areia e te convidam a descansar sobre sob sua sombra ou se proteger da chuva ou do sol.<\/p>\n<p>Seus frutos, muitos parecidos com ma\u00e7\u00e3s, s\u00e3o cheirosos, doces e saborosos.<\/p>\n<p>Mas ela tem a duvidosa honra de estar registrada no livro dos recordes, o Guiness Book, como a \u00e1rvore mais perigosa do mundo.<\/p>\n<p>Segundo o Instituto de Ci\u00eancias de Alimentos e Agricultura da Fl\u00f3rida, o nome da \u00e1rvore \u00e9 Hippomane\u00a0que vem das palavras gregas\u00a0hippo, que significa &#8220;cavalo&#8221;, e\u00a0mane, que deriva de &#8220;mania&#8221; ou &#8220;loucura&#8221;.<\/p>\n<p>A planta que \u00e9 nativa da Am\u00e9rica Central e das ilhas do Caribe e cresce da costa da Fl\u00f3rida at\u00e9 a Col\u00f4mbia &#8211; em alguns lugares, sua presen\u00e7a \u00e9 alertada por cruzes vermelhas e placas.<\/p>\n<p>Tamb\u00e9m \u00e9 conhecida como Mancenilheira da Areia ou Mancenilheira da praia, mas \u00e1rvore da morte \u00e9 o apelido que melhor descreve a realidade.<\/p>\n<p>Sua seiva leitosa cont\u00e9m forbol, um componente qu\u00edmico perigoso. S\u00f3 de encostar na \u00e1rvore, sua pele pode ficar horrivelmente queimada.<\/p>\n<p>Refugiar-se debaixo dos seus galhos durante uma chuva tropical tamb\u00e9m pode ser desastroso, porque at\u00e9 a seiva dilu\u00edda pode causar uma erup\u00e7\u00e3o cut\u00e2nea grave.<\/p>\n<p>Queimar essas \u00e1rvores tamb\u00e9m \u00e9 uma m\u00e1 ideia. A fuma\u00e7a pode cegar temporariamente e causar s\u00e9rios problemas respirat\u00f3rios.<\/p>\n<p>Mas, apesar dos efeitos desagrad\u00e1veis, o contato da pele com esta \u00e1rvore n\u00e3o \u00e9 fatal. A amea\u00e7a real vem de sua pequena fruta redonda.<\/p>\n<p>Comer este fruto, que parece uma pequena ma\u00e7\u00e3, pode causar v\u00f4mitos e diarreia t\u00e3o severos que desidratam o corpo at\u00e9 um ponto em que n\u00e3o h\u00e1 mais cura.<\/p>\n<p>A radiologista brit\u00e2nica Nicola Strickland experimentou estes efeitos em 1999 ao passar f\u00e9rias com uma amiga na ilha caribenha de Tobago.<\/p>\n<p>Como boa cientista, ela descreveu o que acontece ao\u00a0British Medical Journal, para que outros cientistas soubessem o tamanho desta amea\u00e7a.<\/p>\n<p>Surpreendentemente, talvez, a \u00e1rvore tem seus usos, segundo o Instituto de Ci\u00eancias da Agricultura e Alimentos da Fl\u00f3rida.<\/p>\n<p>A mancenilheira da praia \u00e9 usada para fazer m\u00f3veis desde a \u00e9poca colonial. Acredita-se que sua seiva venenosa se neutraliza quando seca ao sol. Mas manipular a madeira rec\u00e9m-cortada requer muito cuidado.<\/p>\n<p>\u00c9 dif\u00edcil comprovar que esses fatos realmente tenham acontecido, mas o que se diz das propriedades cient\u00edficas da &#8220;\u00e1rvore da morte&#8221; j\u00e1 foi provado. E h\u00e1 documentos que mostram que a borracha da casca j\u00e1 foi usada para tratar doen\u00e7as.<\/p>\n","protected":false},"excerpt":{"rendered":"<p>Dizem que, quando os conquistadores chegaram, v\u00e1rios deles se intoxicaram ao comer seus frutos. Falam que os ind\u00edgenas usavam a \u00e1rvore para tortura, amarrando pessoas a seu tronco e deixando-as ali para que sofressem quando chegasse a chuva.<\/p>\n","protected":false},"author":1,"featured_media":23251,"comment_status":"open","ping_status":"open","sticky":false,"template":"","format":"standard","meta":{"_links_to":"","_links_to_target":""},"categories":[4,1],"tags":[],"views":2191,"_links":{"self":[{"href":"https:\/\/www.brazilianpress.com\/v1\/wp-json\/wp\/v2\/posts\/23250"}],"collection":[{"href":"https:\/\/www.brazilianpress.com\/v1\/wp-json\/wp\/v2\/posts"}],"about":[{"href":"https:\/\/www.brazilianpress.com\/v1\/wp-json\/wp\/v2\/types\/post"}],"author":[{"embeddable":true,"href":"https:\/\/www.brazilianpress.com\/v1\/wp-json\/wp\/v2\/users\/1"}],"replies":[{"embeddable":true,"href":"https:\/\/www.brazilianpress.com\/v1\/wp-json\/wp\/v2\/comments?post=23250"}],"version-history":[{"count":1,"href":"https:\/\/www.brazilianpress.com\/v1\/wp-json\/wp\/v2\/posts\/23250\/revisions"}],"predecessor-version":[{"id":23252,"href":"https:\/\/www.brazilianpress.com\/v1\/wp-json\/wp\/v2\/posts\/23250\/revisions\/23252"}],"wp:featuredmedia":[{"embeddable":true,"href":"https:\/\/www.brazilianpress.com\/v1\/wp-json\/wp\/v2\/media\/23251"}],"wp:attachment":[{"href":"https:\/\/www.brazilianpress.com\/v1\/wp-json\/wp\/v2\/media?parent=23250"}],"wp:term":[{"taxonomy":"category","embeddable":true,"href":"https:\/\/www.brazilianpress.com\/v1\/wp-json\/wp\/v2\/categories?post=23250"},{"taxonomy":"post_tag","embeddable":true,"href":"https:\/\/www.brazilianpress.com\/v1\/wp-json\/wp\/v2\/tags?post=23250"}],"curies":[{"name":"wp","href":"https:\/\/api.w.org\/{rel}","templated":true}]}}