{"id":23259,"date":"2016-06-23T14:04:36","date_gmt":"2016-06-23T18:04:36","guid":{"rendered":"http:\/\/www.brazilianpress.com\/v1\/?p=23259"},"modified":"2016-06-30T11:57:36","modified_gmt":"2016-06-30T15:57:36","slug":"duplica-resgate-de-indocumentados-por-causa-de-onda-de-calor-nas-fronteiras","status":"publish","type":"post","link":"https:\/\/www.brazilianpress.com\/v1\/2016\/06\/23\/duplica-resgate-de-indocumentados-por-causa-de-onda-de-calor-nas-fronteiras\/","title":{"rendered":"Duplica resgate de indocumentados por causa de onda de calor nas fronteiras"},"content":{"rendered":"<p><img loading=\"lazy\" class=\"alignnone size-full wp-image-23260\" src=\"http:\/\/www.brazilianpress.com\/v1\/wp-content\/uploads\/2016\/06\/indocumentados.jpg\" alt=\"indocumentados\" width=\"500\" height=\"371\" srcset=\"https:\/\/www.brazilianpress.com\/v1\/wp-content\/uploads\/2016\/06\/indocumentados.jpg 500w, https:\/\/www.brazilianpress.com\/v1\/wp-content\/uploads\/2016\/06\/indocumentados-300x223.jpg 300w\" sizes=\"(max-width: 500px) 100vw, 500px\" \/><\/p>\n<p>Um alarmante aumento no n\u00famero de resgates de indocumentados ocorre na zona de fronteira com M\u00e9xico no sul do Texas por causa da onda de calor que afeta a regi\u00e3o.<\/p>\n<p>A situa\u00e7\u00e3o est\u00e1 piorando nos \u00faltimos dias, tanto, que organiza\u00e7\u00f5es volunt\u00e1rias t\u00eam redobrado esfor\u00e7os na distribui\u00e7\u00e3o de \u00e1gua nos pontos onde ocorrem as travessias.<!--more--><\/p>\n<p>A Patrulha de Fronteira informou que na \u00e1rea do Rio Grande, sul do Texas, existem v\u00e1rias torres de comunica\u00e7\u00e3o para que as pessoas afetadas entrem em contato com as autoridades em casos extremos.<\/p>\n<p>Segundo dados oficiais, nos \u00faltimos meses foram informadas 157 mortes de indocumentados durante a passagem pela zona frontei\u00e7a que abarca os estados da Calif\u00f3rnia, Texas e Arizona.<\/p>\n<p>Neste ano j\u00e1 foram informados 856 resgates de indocumentados, a maioria desidratados, quase o dobro que o mesmo per\u00edodo no ano passado.<\/p>\n","protected":false},"excerpt":{"rendered":"<p>Um alarmante aumento no n\u00famero de resgates de indocumentados ocorre na zona de fronteira com M\u00e9xico no sul do Texas por causa da onda de calor que afeta a regi\u00e3o. A situa\u00e7\u00e3o est\u00e1 piorando nos \u00faltimos dias, tanto, que organiza\u00e7\u00f5es volunt\u00e1rias t\u00eam redobrado esfor\u00e7os na distribui\u00e7\u00e3o de \u00e1gua nos pontos onde ocorrem as travessias.<\/p>\n","protected":false},"author":1,"featured_media":23260,"comment_status":"open","ping_status":"open","sticky":false,"template":"","format":"standard","meta":{"_links_to":"","_links_to_target":""},"categories":[4,1],"tags":[],"views":2572,"_links":{"self":[{"href":"https:\/\/www.brazilianpress.com\/v1\/wp-json\/wp\/v2\/posts\/23259"}],"collection":[{"href":"https:\/\/www.brazilianpress.com\/v1\/wp-json\/wp\/v2\/posts"}],"about":[{"href":"https:\/\/www.brazilianpress.com\/v1\/wp-json\/wp\/v2\/types\/post"}],"author":[{"embeddable":true,"href":"https:\/\/www.brazilianpress.com\/v1\/wp-json\/wp\/v2\/users\/1"}],"replies":[{"embeddable":true,"href":"https:\/\/www.brazilianpress.com\/v1\/wp-json\/wp\/v2\/comments?post=23259"}],"version-history":[{"count":1,"href":"https:\/\/www.brazilianpress.com\/v1\/wp-json\/wp\/v2\/posts\/23259\/revisions"}],"predecessor-version":[{"id":23261,"href":"https:\/\/www.brazilianpress.com\/v1\/wp-json\/wp\/v2\/posts\/23259\/revisions\/23261"}],"wp:featuredmedia":[{"embeddable":true,"href":"https:\/\/www.brazilianpress.com\/v1\/wp-json\/wp\/v2\/media\/23260"}],"wp:attachment":[{"href":"https:\/\/www.brazilianpress.com\/v1\/wp-json\/wp\/v2\/media?parent=23259"}],"wp:term":[{"taxonomy":"category","embeddable":true,"href":"https:\/\/www.brazilianpress.com\/v1\/wp-json\/wp\/v2\/categories?post=23259"},{"taxonomy":"post_tag","embeddable":true,"href":"https:\/\/www.brazilianpress.com\/v1\/wp-json\/wp\/v2\/tags?post=23259"}],"curies":[{"name":"wp","href":"https:\/\/api.w.org\/{rel}","templated":true}]}}