{"id":23279,"date":"2016-06-30T09:27:19","date_gmt":"2016-06-30T13:27:19","guid":{"rendered":"http:\/\/www.brazilianpress.com\/v1\/?p=23279"},"modified":"2016-07-07T09:48:40","modified_gmt":"2016-07-07T13:48:40","slug":"social-press-30062016","status":"publish","type":"post","link":"https:\/\/www.brazilianpress.com\/v1\/2016\/06\/30\/social-press-30062016\/","title":{"rendered":"Social Press . 30\/06\/2016"},"content":{"rendered":"<p><strong><em><img loading=\"lazy\" class=\"alignnone size-full wp-image-23273\" src=\"http:\/\/www.brazilianpress.com\/v1\/wp-content\/uploads\/2016\/06\/social-press-ed1790-20160630-2.jpg\" alt=\"social press ed1790 20160630 (2)\" width=\"450\" height=\"249\" srcset=\"https:\/\/www.brazilianpress.com\/v1\/wp-content\/uploads\/2016\/06\/social-press-ed1790-20160630-2.jpg 450w, https:\/\/www.brazilianpress.com\/v1\/wp-content\/uploads\/2016\/06\/social-press-ed1790-20160630-2-300x166.jpg 300w\" sizes=\"(max-width: 450px) 100vw, 450px\" \/><br \/>\nUm abra\u00e7o aos amigos do Pontal Brasil e Master Equipament , servindo de modelo com a nova camisa do Jornal Brazilian Press, Valeu!!!<\/em><\/strong><\/p>\n<p><strong><em><img loading=\"lazy\" class=\"alignnone size-full wp-image-23274\" src=\"http:\/\/www.brazilianpress.com\/v1\/wp-content\/uploads\/2016\/06\/social-press-ed1790-20160630-3.jpg\" alt=\"social press ed1790 20160630 (3)\" width=\"400\" height=\"533\" srcset=\"https:\/\/www.brazilianpress.com\/v1\/wp-content\/uploads\/2016\/06\/social-press-ed1790-20160630-3.jpg 400w, https:\/\/www.brazilianpress.com\/v1\/wp-content\/uploads\/2016\/06\/social-press-ed1790-20160630-3-225x300.jpg 225w\" sizes=\"(max-width: 400px) 100vw, 400px\" \/><br \/>\nO Cantor Roberto Trevisan, Jo\u00e3o e o Prefeito de Mount Vernon , NY, Richard Thomas.<\/em><\/strong><!--more--><\/p>\n<p><strong><em><img loading=\"lazy\" class=\"alignnone size-full wp-image-23275\" src=\"http:\/\/www.brazilianpress.com\/v1\/wp-content\/uploads\/2016\/06\/social-press-ed1790-20160630-4.jpg\" alt=\"social press ed1790 20160630 (4)\" width=\"450\" height=\"230\" srcset=\"https:\/\/www.brazilianpress.com\/v1\/wp-content\/uploads\/2016\/06\/social-press-ed1790-20160630-4.jpg 450w, https:\/\/www.brazilianpress.com\/v1\/wp-content\/uploads\/2016\/06\/social-press-ed1790-20160630-4-300x153.jpg 300w\" sizes=\"(max-width: 450px) 100vw, 450px\" \/><br \/>\nNossos votos de muitas felicidades ao aniversariante Pastor Valdir Reis, na foto com o filho Luiz Eduardo e a esposa Ana Reis<\/em><\/strong><\/p>\n<p><strong><em><img loading=\"lazy\" class=\"alignnone size-full wp-image-23276\" src=\"http:\/\/www.brazilianpress.com\/v1\/wp-content\/uploads\/2016\/06\/social-press-ed1790-20160630-5.jpg\" alt=\"social press ed1790 20160630 (5)\" width=\"450\" height=\"302\" srcset=\"https:\/\/www.brazilianpress.com\/v1\/wp-content\/uploads\/2016\/06\/social-press-ed1790-20160630-5.jpg 450w, https:\/\/www.brazilianpress.com\/v1\/wp-content\/uploads\/2016\/06\/social-press-ed1790-20160630-5-300x201.jpg 300w\" sizes=\"(max-width: 450px) 100vw, 450px\" \/><br \/>\nFesta animada mesmo foi na comemora\u00e7\u00e3o do niver da Deyse e Jeff, muita anima\u00e7\u00e3o e at\u00e9 campeonato de tot\u00f3 , e o campe\u00e3o continua o mesmo dos anos anteriores. Adivinha quem?<\/em><\/strong><\/p>\n<p><strong><em><img loading=\"lazy\" class=\"alignnone size-full wp-image-23272\" src=\"http:\/\/www.brazilianpress.com\/v1\/wp-content\/uploads\/2016\/06\/social-press-ed1790-20160630-1.jpg\" alt=\"social press ed1790 20160630 (1)\" width=\"450\" height=\"351\" srcset=\"https:\/\/www.brazilianpress.com\/v1\/wp-content\/uploads\/2016\/06\/social-press-ed1790-20160630-1.jpg 450w, https:\/\/www.brazilianpress.com\/v1\/wp-content\/uploads\/2016\/06\/social-press-ed1790-20160630-1-300x234.jpg 300w\" sizes=\"(max-width: 450px) 100vw, 450px\" \/><br \/>\nQuem completou um aninho foi a princesa Cecilia Resende , Happy Birthday!<\/em><\/strong><\/p>\n","protected":false},"excerpt":{"rendered":"<p>Um abra\u00e7o aos amigos do Pontal Brasil e Master Equipament , servindo de modelo com a nova camisa do Jornal Brazilian Press, Valeu!!! O Cantor Roberto Trevisan, Jo\u00e3o e o Prefeito de Mount Vernon , NY, Richard Thomas.<\/p>\n","protected":false},"author":1,"featured_media":23273,"comment_status":"open","ping_status":"open","sticky":false,"template":"","format":"standard","meta":{"_links_to":"","_links_to_target":""},"categories":[4,1,6],"tags":[],"views":2260,"_links":{"self":[{"href":"https:\/\/www.brazilianpress.com\/v1\/wp-json\/wp\/v2\/posts\/23279"}],"collection":[{"href":"https:\/\/www.brazilianpress.com\/v1\/wp-json\/wp\/v2\/posts"}],"about":[{"href":"https:\/\/www.brazilianpress.com\/v1\/wp-json\/wp\/v2\/types\/post"}],"author":[{"embeddable":true,"href":"https:\/\/www.brazilianpress.com\/v1\/wp-json\/wp\/v2\/users\/1"}],"replies":[{"embeddable":true,"href":"https:\/\/www.brazilianpress.com\/v1\/wp-json\/wp\/v2\/comments?post=23279"}],"version-history":[{"count":1,"href":"https:\/\/www.brazilianpress.com\/v1\/wp-json\/wp\/v2\/posts\/23279\/revisions"}],"predecessor-version":[{"id":23280,"href":"https:\/\/www.brazilianpress.com\/v1\/wp-json\/wp\/v2\/posts\/23279\/revisions\/23280"}],"wp:featuredmedia":[{"embeddable":true,"href":"https:\/\/www.brazilianpress.com\/v1\/wp-json\/wp\/v2\/media\/23273"}],"wp:attachment":[{"href":"https:\/\/www.brazilianpress.com\/v1\/wp-json\/wp\/v2\/media?parent=23279"}],"wp:term":[{"taxonomy":"category","embeddable":true,"href":"https:\/\/www.brazilianpress.com\/v1\/wp-json\/wp\/v2\/categories?post=23279"},{"taxonomy":"post_tag","embeddable":true,"href":"https:\/\/www.brazilianpress.com\/v1\/wp-json\/wp\/v2\/tags?post=23279"}],"curies":[{"name":"wp","href":"https:\/\/api.w.org\/{rel}","templated":true}]}}